{"id":1246,"date":"2018-07-02T18:32:17","date_gmt":"2018-07-02T16:32:17","guid":{"rendered":"http:\/\/www.mic-mat.fr\/mariage\/?p=1246"},"modified":"2018-07-02T18:34:17","modified_gmt":"2018-07-02T16:34:17","slug":"laventure-continue","status":"publish","type":"post","link":"http:\/\/www.mic-mat.fr\/mariage\/laventure-continue\/","title":{"rendered":"L&rsquo;aventure continue&#8230;"},"content":{"rendered":"<p>Bonjour \u00e0 tous ! <\/p>\n<p>Nous aimerions bien faire annuellement un billet \u00ab\u00a0noces de&#8230;\u00a0\u00bb sur ce blog, mais c&rsquo;est encore un peu t\u00f4t pour le premier anniversaire (dans 20 jours !)<br \/>\nNous aimerions volontiers mettre en ligne des vid\u00e9os du GR20, mais Micha\u00ebl n&rsquo;a toujours pas pris le temps de faire le montage de tout \u00e7a.<br \/>\nNous aimerions \u00e9galement \u00e9voquer notre emm\u00e9nagement sur la C\u00f4te d&rsquo;Opale en janvier dernier, mais je ne suis pas s\u00fbr que \u00e7a soit bien utile d&rsquo;en faire plus que cette phrase. <\/p>\n<p>Par contre, nous avons un nouveau site o\u00f9 vous pourrez nous suivre (en l\u00e9ger diff\u00e9r\u00e9 de quelques heures ?) : \u00e0 partir de mercredi 4 juillet, nous commen\u00e7ons le GR30 &#8211; le Tour des Lacs d&rsquo;Auvergne.<br \/>\nVous pouvez le retrouver sur <a href=\"http:\/\/www.mic-mat.fr\/randonnees\" rel=\"noopener\" target=\"_blank\">http:\/\/www.mic-mat.fr\/randonnees<\/a> (qui reprend \u00e9galement les billets du GR20 tels que publi\u00e9s ici), ou plus simplement sur la nouvelle page d&rsquo;accueil <a href=\"http:\/\/www.mic-mat.fr\/\" rel=\"noopener\" target=\"_blank\">du domaine mic-mat.fr<\/a>.<\/p>\n<p>Vous pourrez \u00e9galement vous abonner \u00e0 ce nouveau blog de la m\u00eame fa\u00e7on, en mettant votre adresse mail \u00e0 droite \ud83d\ude09 <\/p>\n<p>A mercredi l\u00e0-bas ! <em>(Et joyeux anniversaire M\u00e9m\u00e8re !)<\/em><\/p>\n","protected":false},"excerpt":{"rendered":"<p>Bonjour \u00e0 tous ! Nous aimerions bien faire annuellement un billet \u00ab\u00a0noces de&#8230;\u00a0\u00bb sur ce blog, mais c&rsquo;est encore un peu t\u00f4t pour le premier anniversaire (dans 20 jours !) Nous aimerions volontiers mettre en ligne des vid\u00e9os du GR20, mais Micha\u00ebl n&rsquo;a toujours pas pris le temps de faire le montage de tout \u00e7a. &hellip; <a href=\"http:\/\/www.mic-mat.fr\/mariage\/laventure-continue\/\" class=\"more-link\">Continuer la lecture<span class=\"screen-reader-text\"> de &laquo;&nbsp;L&rsquo;aventure continue&#8230;&nbsp;&raquo;<\/span><\/a><\/p>\n","protected":false},"author":1,"featured_media":0,"comment_status":"open","ping_status":"open","sticky":false,"template":"","format":"standard","meta":{"jetpack_post_was_ever_published":false,"_jetpack_newsletter_access":"","_jetpack_dont_email_post_to_subs":true,"_jetpack_newsletter_tier_id":0,"_jetpack_memberships_contains_paywalled_content":false,"_jetpack_memberships_contains_paid_content":false,"footnotes":"","jetpack_publicize_message":"","jetpack_publicize_feature_enabled":true,"jetpack_social_post_already_shared":true,"jetpack_social_options":{"image_generator_settings":{"template":"highway","default_image_id":0,"font":"","enabled":false},"version":2}},"categories":[5],"tags":[64,65],"class_list":["post-1246","post","type-post","status-publish","format-standard","hentry","category-apres-le-mariage","tag-gr30","tag-suite"],"jetpack_publicize_connections":[],"jetpack_featured_media_url":"","jetpack_sharing_enabled":true,"jetpack_shortlink":"https:\/\/wp.me\/p84scG-k6","jetpack-related-posts":[{"id":277,"url":"http:\/\/www.mic-mat.fr\/mariage\/le-gr20-j3-dascu-stagnu-a-tighjettu\/","url_meta":{"origin":1246,"position":0},"title":"Le GR20 &#8211; J3 &#8211; D&rsquo;Ascu Stagnu \u00e0 Tighjettu","author":"mimiryudo","date":"25 septembre 2017","format":false,"excerpt":"Jeudi 27 juillet Ce sera un des plus longs billets, parce que nous avons quand m\u00eame pas mal de choses \u00e0 y raconter... Je rappelle aussi un peu le contexte, parce que c'est important pour comprendre la succession de mauvais choix que nous allons faire aujourd'hui avec joie et bonne\u2026","rel":"","context":"Dans &quot;Apr\u00e8s le mariage&quot;","block_context":{"text":"Apr\u00e8s le mariage","link":"http:\/\/www.mic-mat.fr\/mariage\/category\/apres-le-mariage\/"},"img":{"alt_text":"","src":"https:\/\/i0.wp.com\/www.mic-mat.fr\/mariage\/wp-content\/uploads\/2017\/09\/IMG_5494-150x150.jpg?resize=350%2C200","width":350,"height":200,"srcset":"https:\/\/i0.wp.com\/www.mic-mat.fr\/mariage\/wp-content\/uploads\/2017\/09\/IMG_5494-150x150.jpg?resize=350%2C200 1x, https:\/\/i0.wp.com\/www.mic-mat.fr\/mariage\/wp-content\/uploads\/2017\/09\/IMG_5494-150x150.jpg?resize=525%2C300 1.5x, https:\/\/i0.wp.com\/www.mic-mat.fr\/mariage\/wp-content\/uploads\/2017\/09\/IMG_5494-150x150.jpg?resize=700%2C400 2x, https:\/\/i0.wp.com\/www.mic-mat.fr\/mariage\/wp-content\/uploads\/2017\/09\/IMG_5494-150x150.jpg?resize=1050%2C600 3x, https:\/\/i0.wp.com\/www.mic-mat.fr\/mariage\/wp-content\/uploads\/2017\/09\/IMG_5494-150x150.jpg?resize=1400%2C800 4x"},"classes":[]},{"id":381,"url":"http:\/\/www.mic-mat.fr\/mariage\/le-gr20-j7-de-londa-a-vizzavonna\/","url_meta":{"origin":1246,"position":1},"title":"Le GR20 &#8211; J7 &#8211; De L&rsquo;Onda \u00e0 Vizzavona","author":"mimiryudo","date":"29 septembre 2017","format":false,"excerpt":"Lundi 31 juillet Nous commen\u00e7ons la matin\u00e9e par une longue mont\u00e9e. Nous croisons le randonneur anglais, qui me donne un conseil sur la tenue du sac \u00e0 dos : le serrer davantage au bassin, le remonter... Vous verrez \u00e9ventuellement une diff\u00e9rence entre les photos avant et apr\u00e8s ! Il faut\u2026","rel":"","context":"Dans &quot;Apr\u00e8s le mariage&quot;","block_context":{"text":"Apr\u00e8s le mariage","link":"http:\/\/www.mic-mat.fr\/mariage\/category\/apres-le-mariage\/"},"img":{"alt_text":"","src":"https:\/\/i0.wp.com\/www.mic-mat.fr\/mariage\/wp-content\/uploads\/2017\/09\/IMG_6094-150x150.jpg?resize=350%2C200","width":350,"height":200,"srcset":"https:\/\/i0.wp.com\/www.mic-mat.fr\/mariage\/wp-content\/uploads\/2017\/09\/IMG_6094-150x150.jpg?resize=350%2C200 1x, https:\/\/i0.wp.com\/www.mic-mat.fr\/mariage\/wp-content\/uploads\/2017\/09\/IMG_6094-150x150.jpg?resize=525%2C300 1.5x, https:\/\/i0.wp.com\/www.mic-mat.fr\/mariage\/wp-content\/uploads\/2017\/09\/IMG_6094-150x150.jpg?resize=700%2C400 2x, https:\/\/i0.wp.com\/www.mic-mat.fr\/mariage\/wp-content\/uploads\/2017\/09\/IMG_6094-150x150.jpg?resize=1050%2C600 3x, https:\/\/i0.wp.com\/www.mic-mat.fr\/mariage\/wp-content\/uploads\/2017\/09\/IMG_6094-150x150.jpg?resize=1400%2C800 4x"},"classes":[]},{"id":514,"url":"http:\/\/www.mic-mat.fr\/mariage\/le-gr20-j11-dasinau-a-porto-vecchio\/","url_meta":{"origin":1246,"position":2},"title":"Le GR20 &#8211; J11 &#8211; D&rsquo;Asinau \u00e0 Porto-Vecchio","author":"mimiryudo","date":"3 octobre 2017","format":false,"excerpt":"Vendredi 4 ao\u00fbt Le vent a souffl\u00e9 jusqu'au petit matin et la tente \u00e9tait install\u00e9e \u00e0 moiti\u00e9 en pente : bref, nous avons encore pass\u00e9 une merveilleuse nuit, un peu fra\u00eeche, tellement r\u00e9paratrice qu'il ne nous apparait pas utile d'insister au-del\u00e0 de 5h45. Apr\u00e8s la traditionnelle demi-heure de repli des\u2026","rel":"","context":"Dans &quot;Apr\u00e8s le mariage&quot;","block_context":{"text":"Apr\u00e8s le mariage","link":"http:\/\/www.mic-mat.fr\/mariage\/category\/apres-le-mariage\/"},"img":{"alt_text":"","src":"https:\/\/i0.wp.com\/www.mic-mat.fr\/mariage\/wp-content\/uploads\/2017\/10\/IMG_6456-e1506888515283-150x150.jpg?resize=350%2C200","width":350,"height":200,"srcset":"https:\/\/i0.wp.com\/www.mic-mat.fr\/mariage\/wp-content\/uploads\/2017\/10\/IMG_6456-e1506888515283-150x150.jpg?resize=350%2C200 1x, https:\/\/i0.wp.com\/www.mic-mat.fr\/mariage\/wp-content\/uploads\/2017\/10\/IMG_6456-e1506888515283-150x150.jpg?resize=525%2C300 1.5x, https:\/\/i0.wp.com\/www.mic-mat.fr\/mariage\/wp-content\/uploads\/2017\/10\/IMG_6456-e1506888515283-150x150.jpg?resize=700%2C400 2x, https:\/\/i0.wp.com\/www.mic-mat.fr\/mariage\/wp-content\/uploads\/2017\/10\/IMG_6456-e1506888515283-150x150.jpg?resize=1050%2C600 3x, https:\/\/i0.wp.com\/www.mic-mat.fr\/mariage\/wp-content\/uploads\/2017\/10\/IMG_6456-e1506888515283-150x150.jpg?resize=1400%2C800 4x"},"classes":[]},{"id":242,"url":"http:\/\/www.mic-mat.fr\/mariage\/le-gr20-j1-de-calenzana-a-bocca-di-pisciaghja\/","url_meta":{"origin":1246,"position":3},"title":"Le GR20 &#8211; J1 &#8211; De Calenzana \u00e0 Bocca di Pisciaghja","author":"mimiryudo","date":"23 septembre 2017","format":false,"excerpt":"Mardi 25 juillet - J1 Comme les gens d'hier nous ont un peu mis la pression, nous nous levons\u00a0finalement\u00a0vers 5h et prenons\u00a0le d\u00e9part pour le GR20 \u00e0 5h45 (sans d\u00e9jeuner, pour pr\u00e9voir \u00e7a comme une pause vers 8h). Nous voyons le premier refuge vers 12h, apr\u00e8s 11 km de marche\u2026","rel":"","context":"Dans &quot;Apr\u00e8s le mariage&quot;","block_context":{"text":"Apr\u00e8s le mariage","link":"http:\/\/www.mic-mat.fr\/mariage\/category\/apres-le-mariage\/"},"img":{"alt_text":"","src":"https:\/\/i0.wp.com\/www.mic-mat.fr\/mariage\/wp-content\/uploads\/2017\/09\/IMG_1894-150x150.jpg?resize=350%2C200","width":350,"height":200,"srcset":"https:\/\/i0.wp.com\/www.mic-mat.fr\/mariage\/wp-content\/uploads\/2017\/09\/IMG_1894-150x150.jpg?resize=350%2C200 1x, https:\/\/i0.wp.com\/www.mic-mat.fr\/mariage\/wp-content\/uploads\/2017\/09\/IMG_1894-150x150.jpg?resize=525%2C300 1.5x, https:\/\/i0.wp.com\/www.mic-mat.fr\/mariage\/wp-content\/uploads\/2017\/09\/IMG_1894-150x150.jpg?resize=700%2C400 2x, https:\/\/i0.wp.com\/www.mic-mat.fr\/mariage\/wp-content\/uploads\/2017\/09\/IMG_1894-150x150.jpg?resize=1050%2C600 3x, https:\/\/i0.wp.com\/www.mic-mat.fr\/mariage\/wp-content\/uploads\/2017\/09\/IMG_1894-150x150.jpg?resize=1400%2C800 4x"},"classes":[]},{"id":250,"url":"http:\/\/www.mic-mat.fr\/mariage\/le-gr20-j2-de-bocca-di-pisciaghja-a-ascu-stagnu\/","url_meta":{"origin":1246,"position":4},"title":"Le GR20 &#8211; J2 &#8211; De Bocca di Pisciaghja \u00e0 Ascu Stagnu","author":"mimiryudo","date":"24 septembre 2017","format":false,"excerpt":"Mercredi 26 juillet De 15h20 \u00e0 20h20 la veille, nous n'avons parcouru que la moiti\u00e9 de l'\u00e9tape 2... Nous repartons donc\u00a0le matin \u00e0 6h15 et nous marchons\u00a06h pour arriver vers 12h30 au refuge de Carrozzu, apr\u00e8s une longue\u00a0descente. Nous commen\u00e7ons \u00e0 r\u00e2ler contre les guides papier, contre l'\u00e9loignement des refuges,\u2026","rel":"","context":"Dans &quot;Apr\u00e8s le mariage&quot;","block_context":{"text":"Apr\u00e8s le mariage","link":"http:\/\/www.mic-mat.fr\/mariage\/category\/apres-le-mariage\/"},"img":{"alt_text":"","src":"https:\/\/i0.wp.com\/www.mic-mat.fr\/mariage\/wp-content\/uploads\/2017\/09\/IMG_1919-150x150.jpg?resize=350%2C200","width":350,"height":200,"srcset":"https:\/\/i0.wp.com\/www.mic-mat.fr\/mariage\/wp-content\/uploads\/2017\/09\/IMG_1919-150x150.jpg?resize=350%2C200 1x, https:\/\/i0.wp.com\/www.mic-mat.fr\/mariage\/wp-content\/uploads\/2017\/09\/IMG_1919-150x150.jpg?resize=525%2C300 1.5x, https:\/\/i0.wp.com\/www.mic-mat.fr\/mariage\/wp-content\/uploads\/2017\/09\/IMG_1919-150x150.jpg?resize=700%2C400 2x, https:\/\/i0.wp.com\/www.mic-mat.fr\/mariage\/wp-content\/uploads\/2017\/09\/IMG_1919-150x150.jpg?resize=1050%2C600 3x, https:\/\/i0.wp.com\/www.mic-mat.fr\/mariage\/wp-content\/uploads\/2017\/09\/IMG_1919-150x150.jpg?resize=1400%2C800 4x"},"classes":[]},{"id":213,"url":"http:\/\/www.mic-mat.fr\/mariage\/le-gr20-j0-de-lille-a-calenzana\/","url_meta":{"origin":1246,"position":5},"title":"Le GR20 &#8211; J0 &#8211; De Lille \u00e0 Calenzana","author":"mimiryudo","date":"22 septembre 2017","format":false,"excerpt":"Comme promis, nous d\u00e9butons ce 22 septembre\u00a0notre r\u00e9cit de voyage avec quelques images s\u00e9lectionn\u00e9es pour vous !\u00a0Alors, je sais, nous avions peut-\u00eatre laiss\u00e9 entendre que nous ferions\u00a0un \u00e9norme billet r\u00e9capitulant tout...\u00a0Mais 1\/ \u00e7a serait un peu fastidieux \u00e0 lire ; 2\/ nous sommes d\u00e9j\u00e0 le 22 septembre et le billet\u2026","rel":"","context":"Dans &quot;Apr\u00e8s le mariage&quot;","block_context":{"text":"Apr\u00e8s le mariage","link":"http:\/\/www.mic-mat.fr\/mariage\/category\/apres-le-mariage\/"},"img":{"alt_text":"","src":"https:\/\/i0.wp.com\/www.mic-mat.fr\/mariage\/wp-content\/uploads\/2017\/09\/IMG_4952-e1506031894355-1024x769.jpg?resize=350%2C200","width":350,"height":200,"srcset":"https:\/\/i0.wp.com\/www.mic-mat.fr\/mariage\/wp-content\/uploads\/2017\/09\/IMG_4952-e1506031894355-1024x769.jpg?resize=350%2C200 1x, https:\/\/i0.wp.com\/www.mic-mat.fr\/mariage\/wp-content\/uploads\/2017\/09\/IMG_4952-e1506031894355-1024x769.jpg?resize=525%2C300 1.5x, https:\/\/i0.wp.com\/www.mic-mat.fr\/mariage\/wp-content\/uploads\/2017\/09\/IMG_4952-e1506031894355-1024x769.jpg?resize=700%2C400 2x, https:\/\/i0.wp.com\/www.mic-mat.fr\/mariage\/wp-content\/uploads\/2017\/09\/IMG_4952-e1506031894355-1024x769.jpg?resize=1050%2C600 3x, https:\/\/i0.wp.com\/www.mic-mat.fr\/mariage\/wp-content\/uploads\/2017\/09\/IMG_4952-e1506031894355-1024x769.jpg?resize=1400%2C800 4x"},"classes":[]}],"jetpack_likes_enabled":true,"_links":{"self":[{"href":"http:\/\/www.mic-mat.fr\/mariage\/wp-json\/wp\/v2\/posts\/1246","targetHints":{"allow":["GET"]}}],"collection":[{"href":"http:\/\/www.mic-mat.fr\/mariage\/wp-json\/wp\/v2\/posts"}],"about":[{"href":"http:\/\/www.mic-mat.fr\/mariage\/wp-json\/wp\/v2\/types\/post"}],"author":[{"embeddable":true,"href":"http:\/\/www.mic-mat.fr\/mariage\/wp-json\/wp\/v2\/users\/1"}],"replies":[{"embeddable":true,"href":"http:\/\/www.mic-mat.fr\/mariage\/wp-json\/wp\/v2\/comments?post=1246"}],"version-history":[{"count":2,"href":"http:\/\/www.mic-mat.fr\/mariage\/wp-json\/wp\/v2\/posts\/1246\/revisions"}],"predecessor-version":[{"id":1248,"href":"http:\/\/www.mic-mat.fr\/mariage\/wp-json\/wp\/v2\/posts\/1246\/revisions\/1248"}],"wp:attachment":[{"href":"http:\/\/www.mic-mat.fr\/mariage\/wp-json\/wp\/v2\/media?parent=1246"}],"wp:term":[{"taxonomy":"category","embeddable":true,"href":"http:\/\/www.mic-mat.fr\/mariage\/wp-json\/wp\/v2\/categories?post=1246"},{"taxonomy":"post_tag","embeddable":true,"href":"http:\/\/www.mic-mat.fr\/mariage\/wp-json\/wp\/v2\/tags?post=1246"}],"curies":[{"name":"wp","href":"https:\/\/api.w.org\/{rel}","templated":true}]}}