{"id":1254,"date":"2019-07-22T13:30:36","date_gmt":"2019-07-22T11:30:36","guid":{"rendered":"http:\/\/www.mic-mat.fr\/mariage\/?p=1254"},"modified":"2019-07-22T11:41:15","modified_gmt":"2019-07-22T09:41:15","slug":"noces-de-cuir","status":"publish","type":"post","link":"http:\/\/www.mic-mat.fr\/mariage\/noces-de-cuir\/","title":{"rendered":"Noces de cuir"},"content":{"rendered":"<p style=\"padding-left: 30px;\">Et nous revoil\u00e0 comme promis ! \ud83d\ude00 Merci encore \u00e0 ceux qui y ont pens\u00e9 et nous ont envoy\u00e9 des gentils petits mots ou nous ont appel\u00e9s !<\/p>\n<p style=\"padding-left: 30px;\">Depuis l\u2019an dernier, nous avons couru au Portel (le trail des 3 Forts), randonn\u00e9 sur la C\u00f4te d\u2019Opale, fait construire une grande biblioth\u00e8que, fait un peu de v\u00e9lo (dont une sortie de 40 km en mars : c\u2019est vallonn\u00e9 pr\u00e8s de Wimille !), et 2-3 autres trucs&#8230; \ud83d\ude09<\/p>\n<p style=\"padding-left: 30px;\">Un jour, on\u00a0racontera ces sorties sur la C\u00f4te d\u2019Opale sur <a href=\"http:\/\/www.mic-mat.fr\/randonnees\">notre autre site de randos<\/a>, m\u00eame si c\u2019est moins rigolo \u00e0 raconter que les GR sur plusieurs journ\u00e9es ! A propos de cet autre site d\u2019ailleurs, nous avons une photo qui a \u00e9t\u00e9 reprise dans le magazine OutdoorGo n\u00b013 (le texte n\u2019est pas de nous, juste la photo) !<\/p>\n<figure id=\"attachment_1256\" aria-describedby=\"caption-attachment-1256\" style=\"width: 840px\" class=\"wp-caption aligncenter\"><img loading=\"lazy\" decoding=\"async\" data-attachment-id=\"1256\" data-permalink=\"http:\/\/www.mic-mat.fr\/mariage\/noces-de-cuir\/b6c8211f-ef22-4a0f-bb1e-1d87913edaeb\/\" data-orig-file=\"http:\/\/www.mic-mat.fr\/mariage\/wp-content\/uploads\/2019\/07\/B6C8211F-EF22-4A0F-BB1E-1D87913EDAEB.jpeg\" data-orig-size=\"4961,3248\" data-comments-opened=\"1\" data-image-meta=\"{&quot;aperture&quot;:&quot;0&quot;,&quot;credit&quot;:&quot;&quot;,&quot;camera&quot;:&quot;&quot;,&quot;caption&quot;:&quot;&quot;,&quot;created_timestamp&quot;:&quot;0&quot;,&quot;copyright&quot;:&quot;&quot;,&quot;focal_length&quot;:&quot;0&quot;,&quot;iso&quot;:&quot;0&quot;,&quot;shutter_speed&quot;:&quot;0&quot;,&quot;title&quot;:&quot;&quot;,&quot;orientation&quot;:&quot;0&quot;}\" data-image-title=\"B6C8211F-EF22-4A0F-BB1E-1D87913EDAEB\" data-image-description=\"\" data-image-caption=\"\" data-large-file=\"http:\/\/www.mic-mat.fr\/mariage\/wp-content\/uploads\/2019\/07\/B6C8211F-EF22-4A0F-BB1E-1D87913EDAEB-1024x670.jpeg\" class=\"wp-image-1256 size-large\" src=\"http:\/\/www.mic-mat.fr\/mariage\/wp-content\/uploads\/2019\/07\/B6C8211F-EF22-4A0F-BB1E-1D87913EDAEB-1024x670.jpeg\" alt=\"B6C8211F-EF22-4A0F-BB1E-1D87913EDAEB\" width=\"840\" height=\"550\" srcset=\"http:\/\/www.mic-mat.fr\/mariage\/wp-content\/uploads\/2019\/07\/B6C8211F-EF22-4A0F-BB1E-1D87913EDAEB-1024x670.jpeg 1024w, http:\/\/www.mic-mat.fr\/mariage\/wp-content\/uploads\/2019\/07\/B6C8211F-EF22-4A0F-BB1E-1D87913EDAEB-300x196.jpeg 300w, http:\/\/www.mic-mat.fr\/mariage\/wp-content\/uploads\/2019\/07\/B6C8211F-EF22-4A0F-BB1E-1D87913EDAEB-768x503.jpeg 768w, http:\/\/www.mic-mat.fr\/mariage\/wp-content\/uploads\/2019\/07\/B6C8211F-EF22-4A0F-BB1E-1D87913EDAEB-1200x786.jpeg 1200w\" sizes=\"auto, (max-width: 709px) 85vw, (max-width: 909px) 67vw, (max-width: 1362px) 62vw, 840px\" \/><figcaption id=\"caption-attachment-1256\" class=\"wp-caption-text\">Au milieu de la photo, avec la casquette, c\u2019est Mathilde !<\/figcaption><\/figure>\n<p style=\"padding-left: 30px;\">A d\u00e9faut de mariages ou de cr\u00e9maill\u00e8re cette ann\u00e9e, nous nous sommes \u00e0 nouveau r\u00e9unis dans la famille de Mathilde pour No\u00ebl (en petit comit\u00e9) et dans la famille de Micha\u00ebl\u00a0pour les 93 ans de M\u00e9m\u00e8re (en plus grand comit\u00e9).<\/p>\n<p>Depuis avril 2019, Micha\u00ebl a couru un marathon et 2 semi-marathons&#8230; Mathilde non, parce qu\u2019elle pr\u00e9f\u00e8re s\u2019arrondir depuis le 18 f\u00e9vrier \u2014 ce qui est d\u00e9finitivement une bonne id\u00e9e ! \ud83d\ude09<\/p>\n<p style=\"padding-left: 30px;\">Deux ans apr\u00e8s le mariage, nous f\u00eatons nos noces de cuir : \u00e7a tombe bien, nous avons achet\u00e9 un nouveau salon dans cette mati\u00e8re il y a quelques semaines.<\/p>\n<p><img loading=\"lazy\" decoding=\"async\" data-attachment-id=\"1255\" data-permalink=\"http:\/\/www.mic-mat.fr\/mariage\/noces-de-cuir\/670ff3a8-060d-4df3-a32a-608a56c4c739\/\" data-orig-file=\"http:\/\/www.mic-mat.fr\/mariage\/wp-content\/uploads\/2019\/07\/670FF3A8-060D-4DF3-A32A-608A56C4C739.jpeg\" data-orig-size=\"4032,3024\" data-comments-opened=\"1\" data-image-meta=\"{&quot;aperture&quot;:&quot;0&quot;,&quot;credit&quot;:&quot;&quot;,&quot;camera&quot;:&quot;&quot;,&quot;caption&quot;:&quot;&quot;,&quot;created_timestamp&quot;:&quot;0&quot;,&quot;copyright&quot;:&quot;&quot;,&quot;focal_length&quot;:&quot;0&quot;,&quot;iso&quot;:&quot;0&quot;,&quot;shutter_speed&quot;:&quot;0&quot;,&quot;title&quot;:&quot;&quot;,&quot;orientation&quot;:&quot;1&quot;}\" data-image-title=\"Notre canap\u00e9\" data-image-description=\"\" data-image-caption=\"\" data-large-file=\"http:\/\/www.mic-mat.fr\/mariage\/wp-content\/uploads\/2019\/07\/670FF3A8-060D-4DF3-A32A-608A56C4C739-1024x768.jpeg\" class=\"aligncenter size-large wp-image-1255\" src=\"http:\/\/www.mic-mat.fr\/mariage\/wp-content\/uploads\/2019\/07\/670FF3A8-060D-4DF3-A32A-608A56C4C739-1024x768.jpeg\" alt=\"Notre canap\u00e9\" width=\"840\" height=\"630\" srcset=\"http:\/\/www.mic-mat.fr\/mariage\/wp-content\/uploads\/2019\/07\/670FF3A8-060D-4DF3-A32A-608A56C4C739-1024x768.jpeg 1024w, http:\/\/www.mic-mat.fr\/mariage\/wp-content\/uploads\/2019\/07\/670FF3A8-060D-4DF3-A32A-608A56C4C739-300x225.jpeg 300w, http:\/\/www.mic-mat.fr\/mariage\/wp-content\/uploads\/2019\/07\/670FF3A8-060D-4DF3-A32A-608A56C4C739-768x576.jpeg 768w, http:\/\/www.mic-mat.fr\/mariage\/wp-content\/uploads\/2019\/07\/670FF3A8-060D-4DF3-A32A-608A56C4C739-1200x900.jpeg 1200w\" sizes=\"auto, (max-width: 709px) 85vw, (max-width: 909px) 67vw, (max-width: 1362px) 62vw, 840px\" \/><\/p>\n<p>Enfin, nous sommes en vacances pour 3 semaines depuis samedi. Nous avons commenc\u00e9 par quelques jours en Normandie,\u00a0pr\u00e8s de Honfleur (o\u00f9 nous sommes all\u00e9s samedi) et Deauville (hier)&#8230; et entre ces 2 villes cet apr\u00e8s-midi ! Il y aura peut-\u00eatre deux randonn\u00e9es sympas \u00e0 raconter sur le site \u00e0 c\u00f4t\u00e9 donc ! \ud83d\ude09<\/p>\n<p>Et dans 3\u00a0jours, il est probable qu\u2019on sera retourn\u00e9 f\u00eater \u00ab traditionnellement \u00bb notre anniversaire de mariage \u00e0 La Matelote&#8230; c\u2019est le genre de \u00ab tradition \u00bb qui s\u2019ancre tr\u00e8s rapidement \ud83d\ude09 \u00c0 l\u2019an prochain au plus tard !<\/p>\n","protected":false},"excerpt":{"rendered":"<p>Et nous revoil\u00e0 comme promis ! \ud83d\ude00 Merci encore \u00e0 ceux qui y ont pens\u00e9 et nous ont envoy\u00e9 des gentils petits mots ou nous ont appel\u00e9s ! Depuis l\u2019an dernier, nous avons couru au Portel (le trail des 3 Forts), randonn\u00e9 sur la C\u00f4te d\u2019Opale, fait construire une grande biblioth\u00e8que, fait un peu de &hellip; <a href=\"http:\/\/www.mic-mat.fr\/mariage\/noces-de-cuir\/\" class=\"more-link\">Continuer la lecture<span class=\"screen-reader-text\"> de &laquo;&nbsp;Noces de cuir&nbsp;&raquo;<\/span><\/a><\/p>\n","protected":false},"author":1,"featured_media":0,"comment_status":"open","ping_status":"open","sticky":false,"template":"","format":"standard","meta":{"jetpack_post_was_ever_published":false,"_jetpack_newsletter_access":"","_jetpack_dont_email_post_to_subs":false,"_jetpack_newsletter_tier_id":0,"_jetpack_memberships_contains_paywalled_content":false,"_jetpack_memberships_contains_paid_content":false,"footnotes":"","jetpack_publicize_message":"","jetpack_publicize_feature_enabled":true,"jetpack_social_post_already_shared":true,"jetpack_social_options":{"image_generator_settings":{"template":"highway","default_image_id":0,"font":"","enabled":false},"version":2}},"categories":[5],"tags":[],"class_list":["post-1254","post","type-post","status-publish","format-standard","hentry","category-apres-le-mariage"],"jetpack_publicize_connections":[],"jetpack_featured_media_url":"","jetpack_sharing_enabled":true,"jetpack_shortlink":"https:\/\/wp.me\/p84scG-ke","jetpack-related-posts":[{"id":277,"url":"http:\/\/www.mic-mat.fr\/mariage\/le-gr20-j3-dascu-stagnu-a-tighjettu\/","url_meta":{"origin":1254,"position":0},"title":"Le GR20 &#8211; J3 &#8211; D&rsquo;Ascu Stagnu \u00e0 Tighjettu","author":"mimiryudo","date":"25 septembre 2017","format":false,"excerpt":"Jeudi 27 juillet Ce sera un des plus longs billets, parce que nous avons quand m\u00eame pas mal de choses \u00e0 y raconter... Je rappelle aussi un peu le contexte, parce que c'est important pour comprendre la succession de mauvais choix que nous allons faire aujourd'hui avec joie et bonne\u2026","rel":"","context":"Dans &quot;Apr\u00e8s le mariage&quot;","block_context":{"text":"Apr\u00e8s le mariage","link":"http:\/\/www.mic-mat.fr\/mariage\/category\/apres-le-mariage\/"},"img":{"alt_text":"","src":"https:\/\/i0.wp.com\/www.mic-mat.fr\/mariage\/wp-content\/uploads\/2017\/09\/IMG_5494-150x150.jpg?resize=350%2C200","width":350,"height":200,"srcset":"https:\/\/i0.wp.com\/www.mic-mat.fr\/mariage\/wp-content\/uploads\/2017\/09\/IMG_5494-150x150.jpg?resize=350%2C200 1x, https:\/\/i0.wp.com\/www.mic-mat.fr\/mariage\/wp-content\/uploads\/2017\/09\/IMG_5494-150x150.jpg?resize=525%2C300 1.5x, https:\/\/i0.wp.com\/www.mic-mat.fr\/mariage\/wp-content\/uploads\/2017\/09\/IMG_5494-150x150.jpg?resize=700%2C400 2x, https:\/\/i0.wp.com\/www.mic-mat.fr\/mariage\/wp-content\/uploads\/2017\/09\/IMG_5494-150x150.jpg?resize=1050%2C600 3x, https:\/\/i0.wp.com\/www.mic-mat.fr\/mariage\/wp-content\/uploads\/2017\/09\/IMG_5494-150x150.jpg?resize=1400%2C800 4x"},"classes":[]},{"id":1246,"url":"http:\/\/www.mic-mat.fr\/mariage\/laventure-continue\/","url_meta":{"origin":1254,"position":1},"title":"L&rsquo;aventure continue&#8230;","author":"mimiryudo","date":"2 juillet 2018","format":false,"excerpt":"Bonjour \u00e0 tous ! Nous aimerions bien faire annuellement un billet \"noces de...\" sur ce blog, mais c'est encore un peu t\u00f4t pour le premier anniversaire (dans 20 jours !) Nous aimerions volontiers mettre en ligne des vid\u00e9os du GR20, mais Micha\u00ebl n'a toujours pas pris le temps de faire\u2026","rel":"","context":"Dans &quot;Apr\u00e8s le mariage&quot;","block_context":{"text":"Apr\u00e8s le mariage","link":"http:\/\/www.mic-mat.fr\/mariage\/category\/apres-le-mariage\/"},"img":{"alt_text":"","src":"","width":0,"height":0},"classes":[]},{"id":514,"url":"http:\/\/www.mic-mat.fr\/mariage\/le-gr20-j11-dasinau-a-porto-vecchio\/","url_meta":{"origin":1254,"position":2},"title":"Le GR20 &#8211; J11 &#8211; D&rsquo;Asinau \u00e0 Porto-Vecchio","author":"mimiryudo","date":"3 octobre 2017","format":false,"excerpt":"Vendredi 4 ao\u00fbt Le vent a souffl\u00e9 jusqu'au petit matin et la tente \u00e9tait install\u00e9e \u00e0 moiti\u00e9 en pente : bref, nous avons encore pass\u00e9 une merveilleuse nuit, un peu fra\u00eeche, tellement r\u00e9paratrice qu'il ne nous apparait pas utile d'insister au-del\u00e0 de 5h45. Apr\u00e8s la traditionnelle demi-heure de repli des\u2026","rel":"","context":"Dans &quot;Apr\u00e8s le mariage&quot;","block_context":{"text":"Apr\u00e8s le mariage","link":"http:\/\/www.mic-mat.fr\/mariage\/category\/apres-le-mariage\/"},"img":{"alt_text":"","src":"https:\/\/i0.wp.com\/www.mic-mat.fr\/mariage\/wp-content\/uploads\/2017\/10\/IMG_6456-e1506888515283-150x150.jpg?resize=350%2C200","width":350,"height":200,"srcset":"https:\/\/i0.wp.com\/www.mic-mat.fr\/mariage\/wp-content\/uploads\/2017\/10\/IMG_6456-e1506888515283-150x150.jpg?resize=350%2C200 1x, https:\/\/i0.wp.com\/www.mic-mat.fr\/mariage\/wp-content\/uploads\/2017\/10\/IMG_6456-e1506888515283-150x150.jpg?resize=525%2C300 1.5x, https:\/\/i0.wp.com\/www.mic-mat.fr\/mariage\/wp-content\/uploads\/2017\/10\/IMG_6456-e1506888515283-150x150.jpg?resize=700%2C400 2x, https:\/\/i0.wp.com\/www.mic-mat.fr\/mariage\/wp-content\/uploads\/2017\/10\/IMG_6456-e1506888515283-150x150.jpg?resize=1050%2C600 3x, https:\/\/i0.wp.com\/www.mic-mat.fr\/mariage\/wp-content\/uploads\/2017\/10\/IMG_6456-e1506888515283-150x150.jpg?resize=1400%2C800 4x"},"classes":[]},{"id":691,"url":"http:\/\/www.mic-mat.fr\/mariage\/la-fete-des-musiciens\/","url_meta":{"origin":1254,"position":3},"title":"La f\u00eate des musiciens","author":"mimiryudo","date":"22 novembre 2017","format":false,"excerpt":"Notre rendez-vous mensuel sur ce blog\u00a0nous permet de nous replonger r\u00e9guli\u00e8rement dans nos dossiers \"mariage\"... Aujourd'hui, jour de la f\u00eate des musiciens (Sainte-C\u00e9cile), j'aurais bien aim\u00e9 vous proposer\u00a0un enregistrement de B\u00e9atrice (trompette) et Sylvain (orgue), qui nous ont fait la gentillesse de nous accompagner \u00e0 l'\u00e9glise ; malheureusement, apr\u00e8s un\u2026","rel":"","context":"Dans &quot;Le mariage&quot;","block_context":{"text":"Le mariage","link":"http:\/\/www.mic-mat.fr\/mariage\/category\/le-mariage\/"},"img":{"alt_text":"","src":"","width":0,"height":0},"classes":[]},{"id":1264,"url":"http:\/\/www.mic-mat.fr\/mariage\/noces-de-froment\/","url_meta":{"origin":1254,"position":4},"title":"Noces de froment","author":"mimiryudo","date":"22 juillet 2020","format":false,"excerpt":"Et donc... nous revoil\u00e0 pour notre rendez-vous annuel ! ;-) D\u00e9butons ce billet par une liste non exhaustive de ce que nous avons fait depuis juillet 2019 : Un b\u00e9b\u00e9. Et c\u2019est d\u00e9j\u00e0 pas mal ! Alice est n\u00e9e le 7 novembre 2019, \u00e0 10h07, et elle a \u00e9t\u00e9 g\u00e9niale\u2026","rel":"","context":"Dans &quot;Apr\u00e8s le mariage&quot;","block_context":{"text":"Apr\u00e8s le mariage","link":"http:\/\/www.mic-mat.fr\/mariage\/category\/apres-le-mariage\/"},"img":{"alt_text":"","src":"https:\/\/i0.wp.com\/www.mic-mat.fr\/mariage\/wp-content\/uploads\/2020\/07\/img_4739-150x150.jpg?resize=350%2C200","width":350,"height":200,"srcset":"https:\/\/i0.wp.com\/www.mic-mat.fr\/mariage\/wp-content\/uploads\/2020\/07\/img_4739-150x150.jpg?resize=350%2C200 1x, https:\/\/i0.wp.com\/www.mic-mat.fr\/mariage\/wp-content\/uploads\/2020\/07\/img_4739-150x150.jpg?resize=525%2C300 1.5x, https:\/\/i0.wp.com\/www.mic-mat.fr\/mariage\/wp-content\/uploads\/2020\/07\/img_4739-150x150.jpg?resize=700%2C400 2x, https:\/\/i0.wp.com\/www.mic-mat.fr\/mariage\/wp-content\/uploads\/2020\/07\/img_4739-150x150.jpg?resize=1050%2C600 3x, https:\/\/i0.wp.com\/www.mic-mat.fr\/mariage\/wp-content\/uploads\/2020\/07\/img_4739-150x150.jpg?resize=1400%2C800 4x"},"classes":[]},{"id":485,"url":"http:\/\/www.mic-mat.fr\/mariage\/le-gr20-j9-de-bocca-di-verde-a-usciolu\/","url_meta":{"origin":1254,"position":5},"title":"Le GR20 &#8211; J9 &#8211; De Bocca di Verde \u00e0 Usciolu","author":"mimiryudo","date":"1 octobre 2017","format":false,"excerpt":"Mercredi 2 ao\u00fbt Le rendez-vous pour le petit-d\u00e9jeuner est\u00a0\u00e0 7h, non n\u00e9gociable. Nous nous levons un peu plus t\u00f4t, avec le rituel habituel : \"gzzrslprigervin, qu'est-ce qu'on fait l\u00e0 ? Il est trop t\u00f4\u00f4\u00f4\u00f4\u00f4\u00f4\u00f4t ! \" Mathilde ouvre la tente et met\u00a0ses affaires \u00e0 l'ext\u00e9rieur (chaussures, b\u00e2tons, sac \u00e0 dos,\u2026","rel":"","context":"Dans &quot;Apr\u00e8s le mariage&quot;","block_context":{"text":"Apr\u00e8s le mariage","link":"http:\/\/www.mic-mat.fr\/mariage\/category\/apres-le-mariage\/"},"img":{"alt_text":"","src":"https:\/\/i0.wp.com\/www.mic-mat.fr\/mariage\/wp-content\/uploads\/2017\/09\/IMG_6280-e1506791323637-150x150.jpg?resize=350%2C200","width":350,"height":200,"srcset":"https:\/\/i0.wp.com\/www.mic-mat.fr\/mariage\/wp-content\/uploads\/2017\/09\/IMG_6280-e1506791323637-150x150.jpg?resize=350%2C200 1x, https:\/\/i0.wp.com\/www.mic-mat.fr\/mariage\/wp-content\/uploads\/2017\/09\/IMG_6280-e1506791323637-150x150.jpg?resize=525%2C300 1.5x, https:\/\/i0.wp.com\/www.mic-mat.fr\/mariage\/wp-content\/uploads\/2017\/09\/IMG_6280-e1506791323637-150x150.jpg?resize=700%2C400 2x, https:\/\/i0.wp.com\/www.mic-mat.fr\/mariage\/wp-content\/uploads\/2017\/09\/IMG_6280-e1506791323637-150x150.jpg?resize=1050%2C600 3x, https:\/\/i0.wp.com\/www.mic-mat.fr\/mariage\/wp-content\/uploads\/2017\/09\/IMG_6280-e1506791323637-150x150.jpg?resize=1400%2C800 4x"},"classes":[]}],"jetpack_likes_enabled":true,"_links":{"self":[{"href":"http:\/\/www.mic-mat.fr\/mariage\/wp-json\/wp\/v2\/posts\/1254","targetHints":{"allow":["GET"]}}],"collection":[{"href":"http:\/\/www.mic-mat.fr\/mariage\/wp-json\/wp\/v2\/posts"}],"about":[{"href":"http:\/\/www.mic-mat.fr\/mariage\/wp-json\/wp\/v2\/types\/post"}],"author":[{"embeddable":true,"href":"http:\/\/www.mic-mat.fr\/mariage\/wp-json\/wp\/v2\/users\/1"}],"replies":[{"embeddable":true,"href":"http:\/\/www.mic-mat.fr\/mariage\/wp-json\/wp\/v2\/comments?post=1254"}],"version-history":[{"count":2,"href":"http:\/\/www.mic-mat.fr\/mariage\/wp-json\/wp\/v2\/posts\/1254\/revisions"}],"predecessor-version":[{"id":1259,"href":"http:\/\/www.mic-mat.fr\/mariage\/wp-json\/wp\/v2\/posts\/1254\/revisions\/1259"}],"wp:attachment":[{"href":"http:\/\/www.mic-mat.fr\/mariage\/wp-json\/wp\/v2\/media?parent=1254"}],"wp:term":[{"taxonomy":"category","embeddable":true,"href":"http:\/\/www.mic-mat.fr\/mariage\/wp-json\/wp\/v2\/categories?post=1254"},{"taxonomy":"post_tag","embeddable":true,"href":"http:\/\/www.mic-mat.fr\/mariage\/wp-json\/wp\/v2\/tags?post=1254"}],"curies":[{"name":"wp","href":"https:\/\/api.w.org\/{rel}","templated":true}]}}