{"id":30,"date":"2017-04-22T00:01:15","date_gmt":"2017-04-21T22:01:15","guid":{"rendered":"http:\/\/www.mic-mat.fr\/mariage\/?p=30"},"modified":"2017-04-22T21:05:40","modified_gmt":"2017-04-22T19:05:40","slug":"notre-faire-part","status":"publish","type":"post","link":"http:\/\/www.mic-mat.fr\/mariage\/notre-faire-part\/","title":{"rendered":"Notre faire-part"},"content":{"rendered":"<p>Normalement, puisque vous vous promenez sur ce site, vous avez s\u00fbrement eu notre faire-part sous les yeux \u00e0 un moment donn\u00e9 !<\/p>\n<p>Ce petit carton nous a demand\u00e9 un certain temps et plein de d\u00e9cisions.\u00a0Or, nous souffrons de phobie d\u00e9cisionnelle.<\/p>\n<figure id=\"attachment_104\" aria-describedby=\"caption-attachment-104\" style=\"width: 300px\" class=\"wp-caption aligncenter\"><img loading=\"lazy\" decoding=\"async\" data-attachment-id=\"104\" data-permalink=\"http:\/\/www.mic-mat.fr\/mariage\/notre-faire-part\/capture-decran-2017-04-20-a-21-07-42\/\" data-orig-file=\"http:\/\/www.mic-mat.fr\/mariage\/wp-content\/uploads\/2017\/04\/Capture-d\u2019\u00e9cran-2017-04-20-\u00e0-21.07.42.png\" data-orig-size=\"312,72\" data-comments-opened=\"1\" data-image-meta=\"{&quot;aperture&quot;:&quot;0&quot;,&quot;credit&quot;:&quot;&quot;,&quot;camera&quot;:&quot;&quot;,&quot;caption&quot;:&quot;&quot;,&quot;created_timestamp&quot;:&quot;0&quot;,&quot;copyright&quot;:&quot;&quot;,&quot;focal_length&quot;:&quot;0&quot;,&quot;iso&quot;:&quot;0&quot;,&quot;shutter_speed&quot;:&quot;0&quot;,&quot;title&quot;:&quot;&quot;,&quot;orientation&quot;:&quot;0&quot;}\" data-image-title=\"D\u00e9cider plus tard\" data-image-description=\"\" data-image-caption=\"&lt;p&gt;Notre fa\u00e7on de prendre des d\u00e9cisions consiste en g\u00e9n\u00e9ral \u00e0 appuyer sur ce bouton.&lt;\/p&gt;\n\" data-large-file=\"http:\/\/www.mic-mat.fr\/mariage\/wp-content\/uploads\/2017\/04\/Capture-d\u2019\u00e9cran-2017-04-20-\u00e0-21.07.42.png\" class=\"size-medium wp-image-104\" src=\"http:\/\/www.mic-mat.fr\/mariage\/wp-content\/uploads\/2017\/04\/Capture-d\u2019\u00e9cran-2017-04-20-\u00e0-21.07.42-300x69.png\" alt=\"Notre fa\u00e7on de prendre des d\u00e9cisions consiste en g\u00e9n\u00e9ral \u00e0 appuyer sur ce bouton.\" width=\"300\" height=\"69\" srcset=\"http:\/\/www.mic-mat.fr\/mariage\/wp-content\/uploads\/2017\/04\/Capture-d\u2019\u00e9cran-2017-04-20-\u00e0-21.07.42-300x69.png 300w, http:\/\/www.mic-mat.fr\/mariage\/wp-content\/uploads\/2017\/04\/Capture-d\u2019\u00e9cran-2017-04-20-\u00e0-21.07.42.png 312w\" sizes=\"auto, (max-width: 300px) 85vw, 300px\" \/><figcaption id=\"caption-attachment-104\" class=\"wp-caption-text\">Notre bouton pr\u00e9f\u00e9r\u00e9.<\/figcaption><\/figure>\n<p>Donc pour des gens\u00a0comme nous, choisir <strong>la forme<\/strong> a d\u00e9j\u00e0 \u00e9t\u00e9 compliqu\u00e9 : carr\u00e9, rond, rectangle, en \u00e9toile, en c\u0153ur ? Et pourquoi pas un origami ? Quel pliage ? Et si finalement on restait sur un carton classique ? Z\u00e9ro,\u00a0un ou deux plis ? Des cartons multiples ou un seul ? Des \u00ab\u00a0accessoires\u00a0\u00bb : un lien, une corde, une fleur s\u00e9ch\u00e9e&#8230; ou rien ? Plus nous avions d&rsquo;id\u00e9es diff\u00e9rentes, plus \u00e7a devenait compliqu\u00e9 de choisir !<\/p>\n<p><img loading=\"lazy\" decoding=\"async\" data-attachment-id=\"107\" data-permalink=\"http:\/\/www.mic-mat.fr\/mariage\/notre-faire-part\/img_2863\/\" data-orig-file=\"http:\/\/www.mic-mat.fr\/mariage\/wp-content\/uploads\/2017\/04\/IMG_2863-e1492800031923.jpg\" data-orig-size=\"1645,1820\" data-comments-opened=\"1\" data-image-meta=\"{&quot;aperture&quot;:&quot;2.8&quot;,&quot;credit&quot;:&quot;&quot;,&quot;camera&quot;:&quot;iPhone 4&quot;,&quot;caption&quot;:&quot;&quot;,&quot;created_timestamp&quot;:&quot;1490289498&quot;,&quot;copyright&quot;:&quot;&quot;,&quot;focal_length&quot;:&quot;3.85&quot;,&quot;iso&quot;:&quot;80&quot;,&quot;shutter_speed&quot;:&quot;0.0013262599469496&quot;,&quot;title&quot;:&quot;&quot;,&quot;orientation&quot;:&quot;6&quot;}\" data-image-title=\"IMG_2863\" data-image-description=\"\" data-image-caption=\"&lt;p&gt;Nos faire-part enfin imprim\u00e9s !&lt;\/p&gt;\n\" data-large-file=\"http:\/\/www.mic-mat.fr\/mariage\/wp-content\/uploads\/2017\/04\/IMG_2863-e1492800031923-926x1024.jpg\" class=\"wp-image-107 alignleft\" src=\"http:\/\/www.mic-mat.fr\/mariage\/wp-content\/uploads\/2017\/04\/IMG_2863-e1492800031923-271x300.jpg\" alt=\"Nos faire-part enfin imprim\u00e9s !\" width=\"272\" height=\"301\" srcset=\"http:\/\/www.mic-mat.fr\/mariage\/wp-content\/uploads\/2017\/04\/IMG_2863-e1492800031923-271x300.jpg 271w, http:\/\/www.mic-mat.fr\/mariage\/wp-content\/uploads\/2017\/04\/IMG_2863-e1492800031923-768x850.jpg 768w, http:\/\/www.mic-mat.fr\/mariage\/wp-content\/uploads\/2017\/04\/IMG_2863-e1492800031923-926x1024.jpg 926w, http:\/\/www.mic-mat.fr\/mariage\/wp-content\/uploads\/2017\/04\/IMG_2863-e1492800031923-1200x1328.jpg 1200w, http:\/\/www.mic-mat.fr\/mariage\/wp-content\/uploads\/2017\/04\/IMG_2863-e1492800031923.jpg 1645w\" sizes=\"auto, (max-width: 272px) 85vw, 272px\" \/><\/p>\n<p>Ensuite, il a fallu \u00e9crire <strong>un texte\u00a0<\/strong>qui nous parle, qui soit personnel sans \u00eatre biographique, qui soit l\u00e9ger sans \u00eatre niais, qui soit solennel sans \u00eatre pompeux&#8230; Sur certaines tournures, nous avons tellement gal\u00e9r\u00e9 que nous \u00e9tions \u00e0 deux doigts de tout arr\u00eater et faire le mariage \u00e0 deux au MacDo (ou Quick &#8211; notre ind\u00e9cision sur ce point nous a finalement fait abandonner cette alternative).<\/p>\n<p>Pour le <strong>d\u00e9cor<\/strong>, \u00e7a a \u00e9t\u00e9 plus simple pour nous&#8230; D\u00e8s ao\u00fbt 2016, nous savions que Capucine (<a href=\"http:\/\/www.vitamine-c-studio.com\/\">Vitamine C Studio<\/a>) r\u00e9aliserait\u00a0le design (elle nous l&rsquo;avait propos\u00e9\u00a0lors d&rsquo;un soir particuli\u00e8rement pluvieux \u00e0 Chamonix !) Nous\u00a0lui\u00a0avons\u00a0propos\u00e9 un <a href=\"http:\/\/www.mic-mat.fr\/mariage\/le-choix-du-theme\/\">th\u00e8me global<\/a>\u00a0et elle en a imagin\u00e9\u00a0le visuel que vous avez pu appr\u00e9cier \ud83d\ude42\u00a0Vous aurez le plaisir (comme nous !) de la f\u00e9liciter pour ses talents de graphiste le 22 juillet !<\/p>\n<p><img loading=\"lazy\" decoding=\"async\" data-attachment-id=\"108\" data-permalink=\"http:\/\/www.mic-mat.fr\/mariage\/notre-faire-part\/img_2893\/\" data-orig-file=\"http:\/\/www.mic-mat.fr\/mariage\/wp-content\/uploads\/2017\/04\/IMG_2893-e1492800243897.jpg\" data-orig-size=\"1801,2099\" data-comments-opened=\"1\" data-image-meta=\"{&quot;aperture&quot;:&quot;2.8&quot;,&quot;credit&quot;:&quot;&quot;,&quot;camera&quot;:&quot;iPhone 4&quot;,&quot;caption&quot;:&quot;&quot;,&quot;created_timestamp&quot;:&quot;1490478403&quot;,&quot;copyright&quot;:&quot;&quot;,&quot;focal_length&quot;:&quot;3.85&quot;,&quot;iso&quot;:&quot;500&quot;,&quot;shutter_speed&quot;:&quot;0.058823529411765&quot;,&quot;title&quot;:&quot;&quot;,&quot;orientation&quot;:&quot;6&quot;}\" data-image-title=\"Nos enveloppes sur fond fleuri !\" data-image-description=\"\" data-image-caption=\"\" data-large-file=\"http:\/\/www.mic-mat.fr\/mariage\/wp-content\/uploads\/2017\/04\/IMG_2893-e1492800243897-879x1024.jpg\" class=\"wp-image-108 alignright\" src=\"http:\/\/www.mic-mat.fr\/mariage\/wp-content\/uploads\/2017\/04\/IMG_2893-e1492800243897-257x300.jpg\" alt=\"Nos enveloppes sur fond fleuri !\" width=\"268\" height=\"313\" srcset=\"http:\/\/www.mic-mat.fr\/mariage\/wp-content\/uploads\/2017\/04\/IMG_2893-e1492800243897-257x300.jpg 257w, http:\/\/www.mic-mat.fr\/mariage\/wp-content\/uploads\/2017\/04\/IMG_2893-e1492800243897-768x895.jpg 768w, http:\/\/www.mic-mat.fr\/mariage\/wp-content\/uploads\/2017\/04\/IMG_2893-e1492800243897-879x1024.jpg 879w, http:\/\/www.mic-mat.fr\/mariage\/wp-content\/uploads\/2017\/04\/IMG_2893-e1492800243897-1200x1399.jpg 1200w, http:\/\/www.mic-mat.fr\/mariage\/wp-content\/uploads\/2017\/04\/IMG_2893-e1492800243897.jpg 1801w\" sizes=\"auto, (max-width: 268px) 85vw, 268px\" \/><\/p>\n<p>Les <strong>impressions<\/strong> ont ensuite \u00e9t\u00e9 faites \u00e0 Boulogne-sur-mer (SIB), sur du papier Rives Tradition 250g\/m2 extra-blanc en 13 x 13 cm. Son poids a \u00e9t\u00e9 partiellement choisi parce qu&rsquo;il permettait d&rsquo;envoyer une enveloppe avec un seul timbre (nous avons ainsi \u00e9conomis\u00e9 15\u20ac d&rsquo;affranchissement \\o\/). Son l\u00e9ger grain feutre met plut\u00f4t bien en valeur le fond discret, n&rsquo;est-ce pas-oh-l\u00e0-l\u00e0-mais-nous-sommes-en-train-de-choisir-une-texture-de-papier-est-ce-que-tout-\u00e7a-ne-va-pas-un-peu-trop-loin ? Pour la petite anecdote, les faire-part \u00e9taient pr\u00eats le jour des 30 ans de Mathilde, il y a pile un mois !<\/p>\n<p><img loading=\"lazy\" decoding=\"async\" data-attachment-id=\"110\" data-permalink=\"http:\/\/www.mic-mat.fr\/mariage\/notre-faire-part\/img_2909\/\" data-orig-file=\"http:\/\/www.mic-mat.fr\/mariage\/wp-content\/uploads\/2017\/04\/IMG_2909.jpg\" data-orig-size=\"2592,1936\" data-comments-opened=\"1\" data-image-meta=\"{&quot;aperture&quot;:&quot;2.8&quot;,&quot;credit&quot;:&quot;&quot;,&quot;camera&quot;:&quot;iPhone 4&quot;,&quot;caption&quot;:&quot;&quot;,&quot;created_timestamp&quot;:&quot;1490558614&quot;,&quot;copyright&quot;:&quot;&quot;,&quot;focal_length&quot;:&quot;3.85&quot;,&quot;iso&quot;:&quot;125&quot;,&quot;shutter_speed&quot;:&quot;0.058823529411765&quot;,&quot;title&quot;:&quot;&quot;,&quot;orientation&quot;:&quot;1&quot;}\" data-image-title=\"IMG_2909\" data-image-description=\"\" data-image-caption=\"\" data-large-file=\"http:\/\/www.mic-mat.fr\/mariage\/wp-content\/uploads\/2017\/04\/IMG_2909-1024x765.jpg\" class=\"wp-image-110 alignleft\" src=\"http:\/\/www.mic-mat.fr\/mariage\/wp-content\/uploads\/2017\/04\/IMG_2909-300x224.jpg\" alt=\"IMG_2909\" width=\"300\" height=\"224\" srcset=\"http:\/\/www.mic-mat.fr\/mariage\/wp-content\/uploads\/2017\/04\/IMG_2909-300x224.jpg 300w, http:\/\/www.mic-mat.fr\/mariage\/wp-content\/uploads\/2017\/04\/IMG_2909-768x574.jpg 768w, http:\/\/www.mic-mat.fr\/mariage\/wp-content\/uploads\/2017\/04\/IMG_2909-1024x765.jpg 1024w, http:\/\/www.mic-mat.fr\/mariage\/wp-content\/uploads\/2017\/04\/IMG_2909-1200x896.jpg 1200w\" sizes=\"auto, (max-width: 300px) 85vw, 300px\" \/><\/p>\n<p>Ensuite, parce qu&rsquo;il faut en laisser le minimum\u00a0au hasard qui a la f\u00e2cheuse tendance \u00e0 faire n&rsquo;importe quoi quand on lui donne trop de libert\u00e9, Mathilde a trouv\u00e9 les <strong>enveloppes<\/strong>\u00a0adapt\u00e9es chez Picwic \u00e0 Villeneuve-d&rsquo;Ascq :\u00a0gamme Pollen (par\u00a0Clairefontaine),\u00a014 x 14 cm, 6 grammes, de couleur beige-ivoire iris\u00e9, beige mat ou orange mat (comme le\u00a0bateau).<\/p>\n<p>Micha\u00ebl a eu le loisir d&rsquo;\u00e9crire vos noms (et adresses) dessus pendant quelques heures le dimanche 26 mars apr\u00e8s-midi, \u00e0 Noyelles-sur-Sambre&#8230;\u00a0Enfin, il n&rsquo;y a plus eu qu&rsquo;\u00e0 vous les donner en mains propres, ou vous les envoyer par la Poste, jusqu&rsquo;\u00e0 Paris, Grenoble&#8230; voire La R\u00e9union !<\/p>\n<p><img loading=\"lazy\" decoding=\"async\" data-attachment-id=\"109\" data-permalink=\"http:\/\/www.mic-mat.fr\/mariage\/notre-faire-part\/img_2907\/\" data-orig-file=\"http:\/\/www.mic-mat.fr\/mariage\/wp-content\/uploads\/2017\/04\/IMG_2907.jpg\" data-orig-size=\"2592,1936\" data-comments-opened=\"1\" data-image-meta=\"{&quot;aperture&quot;:&quot;2.8&quot;,&quot;credit&quot;:&quot;&quot;,&quot;camera&quot;:&quot;iPhone 4&quot;,&quot;caption&quot;:&quot;&quot;,&quot;created_timestamp&quot;:&quot;1490557769&quot;,&quot;copyright&quot;:&quot;&quot;,&quot;focal_length&quot;:&quot;3.85&quot;,&quot;iso&quot;:&quot;320&quot;,&quot;shutter_speed&quot;:&quot;0.066666666666667&quot;,&quot;title&quot;:&quot;&quot;,&quot;orientation&quot;:&quot;1&quot;}\" data-image-title=\"IMG_2907\" data-image-description=\"\" data-image-caption=\"&lt;p&gt;Nos enveloppes pr\u00eates&lt;\/p&gt;\n\" data-large-file=\"http:\/\/www.mic-mat.fr\/mariage\/wp-content\/uploads\/2017\/04\/IMG_2907-1024x765.jpg\" class=\" wp-image-109 alignright\" src=\"http:\/\/www.mic-mat.fr\/mariage\/wp-content\/uploads\/2017\/04\/IMG_2907-300x224.jpg\" alt=\"Nos enveloppes pr\u00eates\" width=\"281\" height=\"209\" srcset=\"http:\/\/www.mic-mat.fr\/mariage\/wp-content\/uploads\/2017\/04\/IMG_2907-300x224.jpg 300w, http:\/\/www.mic-mat.fr\/mariage\/wp-content\/uploads\/2017\/04\/IMG_2907-768x574.jpg 768w, http:\/\/www.mic-mat.fr\/mariage\/wp-content\/uploads\/2017\/04\/IMG_2907-1024x765.jpg 1024w, http:\/\/www.mic-mat.fr\/mariage\/wp-content\/uploads\/2017\/04\/IMG_2907-1200x896.jpg 1200w\" sizes=\"auto, (max-width: 281px) 85vw, 281px\" \/><\/p>\n<p>En r\u00e9sum\u00e9 : il a \u00e9t\u00e9 con\u00e7u en 9 mois, il mesure 13 cm, p\u00e8se 14,5 g (avec son enveloppe), a d\u00e9j\u00e0 parcouru plus de 10 000 km et ses parents le trouvent tr\u00e8s beau.<\/p>\n<p>Le mariage, \u00e7a sera le bapt\u00eame de notre faire-part.<\/p>\n","protected":false},"excerpt":{"rendered":"<p>Normalement, puisque vous vous promenez sur ce site, vous avez s\u00fbrement eu notre faire-part sous les yeux \u00e0 un moment donn\u00e9 ! Ce petit carton nous a demand\u00e9 un certain temps et plein de d\u00e9cisions.\u00a0Or, nous souffrons de phobie d\u00e9cisionnelle. Donc pour des gens\u00a0comme nous, choisir la forme a d\u00e9j\u00e0 \u00e9t\u00e9 compliqu\u00e9 : carr\u00e9, rond, &hellip; <a href=\"http:\/\/www.mic-mat.fr\/mariage\/notre-faire-part\/\" class=\"more-link\">Continuer la lecture<span class=\"screen-reader-text\"> de &laquo;&nbsp;Notre faire-part&nbsp;&raquo;<\/span><\/a><\/p>\n","protected":false},"author":1,"featured_media":0,"comment_status":"open","ping_status":"open","sticky":false,"template":"","format":"standard","meta":{"jetpack_post_was_ever_published":false,"_jetpack_newsletter_access":"","_jetpack_dont_email_post_to_subs":true,"_jetpack_newsletter_tier_id":0,"_jetpack_memberships_contains_paywalled_content":false,"_jetpack_memberships_contains_paid_content":false,"footnotes":"","jetpack_publicize_message":"","jetpack_publicize_feature_enabled":true,"jetpack_social_post_already_shared":true,"jetpack_social_options":{"image_generator_settings":{"template":"highway","default_image_id":0,"font":"","enabled":false},"version":2}},"categories":[3],"tags":[29,27,28,16],"class_list":["post-30","post","type-post","status-publish","format-standard","hentry","category-les-preparatifs","tag-enveloppes","tag-faire-part","tag-impression","tag-mariage"],"jetpack_publicize_connections":[],"jetpack_featured_media_url":"","jetpack_sharing_enabled":true,"jetpack_shortlink":"https:\/\/wp.me\/p84scG-u","jetpack-related-posts":[{"id":205,"url":"http:\/\/www.mic-mat.fr\/mariage\/se-marier-mode-demploi-pour-les-indecises\/","url_meta":{"origin":30,"position":0},"title":"Se marier : mode d&#8217;emploi pour les ind\u00e9cis(es)","author":"mimiryudo","date":"27 ao\u00fbt 2017","format":false,"excerpt":"A notre mariage le 22 juillet puis au mariage d'un ami le 26 ao\u00fbt, nous avons entendu plusieurs fois la remarque qu'organiser un tel \u00e9v\u00e8nement doit \u00eatre compliqu\u00e9 et particuli\u00e8rement stressant. Bien \u00e9videmment, \u00e7a demande une longue pr\u00e9paration mais finalement tout \u00e7a s'organise assez bien (m\u00eame sans \"wedding planner\" !).\u00a0Nous\u2026","rel":"","context":"Dans &quot;Les pr\u00e9paratifs&quot;","block_context":{"text":"Les pr\u00e9paratifs","link":"http:\/\/www.mic-mat.fr\/mariage\/category\/les-preparatifs\/"},"img":{"alt_text":"","src":"","width":0,"height":0},"classes":[]},{"id":1233,"url":"http:\/\/www.mic-mat.fr\/mariage\/remerciements\/","url_meta":{"origin":30,"position":1},"title":"Remerciements","author":"mimiryudo","date":"22 d\u00e9cembre 2017","format":false,"excerpt":"Nous avons d\u00e9but\u00e9 les \"billets\" mensuels le 22 janvier, et nous les terminons ce 22 d\u00e9cembre... Normalement, si vous \u00e9tiez \u00e0 nos c\u00f4t\u00e9s le 22 juillet, nous vous avons fait parvenir des petites cartes de remerciements personnalis\u00e9es, accompagn\u00e9es d'une ou plusieurs photographies (si non, n'h\u00e9sitez pas \u00e0 nous la r\u00e9clamer\u2026","rel":"","context":"Dans &quot;Apr\u00e8s le mariage&quot;","block_context":{"text":"Apr\u00e8s le mariage","link":"http:\/\/www.mic-mat.fr\/mariage\/category\/apres-le-mariage\/"},"img":{"alt_text":"IMG_8137","src":"https:\/\/i0.wp.com\/www.mic-mat.fr\/mariage\/wp-content\/uploads\/2017\/12\/IMG_8137-e1513897703458-1024x896.jpg?resize=350%2C200","width":350,"height":200},"classes":[]},{"id":49,"url":"http:\/\/www.mic-mat.fr\/mariage\/check-point-de-fevrier\/","url_meta":{"origin":30,"position":2},"title":"Check-point de f\u00e9vrier","author":"mimiryudo","date":"22 f\u00e9vrier 2017","format":false,"excerpt":"Nous sommes \u00e0 5 mois du mariage et voici o\u00f9 nous en sommes : Inviter les gens \u00e0 notre mariage : 45 %. A ce stade, Mathilde a pr\u00e9venu toute sa famille ; pour Micha\u00ebl, il reste 1 tante, 6 cousins (et leurs conjoints). Et quelques amis \u00e9galement pour les\u2026","rel":"","context":"Dans &quot;Les pr\u00e9paratifs&quot;","block_context":{"text":"Les pr\u00e9paratifs","link":"http:\/\/www.mic-mat.fr\/mariage\/category\/les-preparatifs\/"},"img":{"alt_text":"","src":"","width":0,"height":0},"classes":[]},{"id":177,"url":"http:\/\/www.mic-mat.fr\/mariage\/derniers-preparatifs-j-7\/","url_meta":{"origin":30,"position":3},"title":"Derniers pr\u00e9paratifs [J-7]","author":"mimiryudo","date":"15 juillet 2017","format":false,"excerpt":"Finalement, un petit billet en dehors du 22 pour faire le point, parce que \"o\u00f9 en \u00eates-vous ?\" est une question r\u00e9currente. A\u00a0une semaine pile de notre entr\u00e9e \u00e0 la mairie, voici un petit \u00e9tat de l'avancement... Tout d'abord, ces derni\u00e8res semaines ont gagn\u00e9 en \"intensit\u00e9\" pour la pr\u00e9paration du\u2026","rel":"","context":"Dans &quot;Les pr\u00e9paratifs&quot;","block_context":{"text":"Les pr\u00e9paratifs","link":"http:\/\/www.mic-mat.fr\/mariage\/category\/les-preparatifs\/"},"img":{"alt_text":"","src":"","width":0,"height":0},"classes":[]},{"id":1287,"url":"http:\/\/www.mic-mat.fr\/mariage\/noces-de-bois\/","url_meta":{"origin":30,"position":4},"title":"Noces de bois","author":"mimiryudo","date":"22 juillet 2022","format":false,"excerpt":"La bougie de cire s'est \u00e9teinte, voici l'ann\u00e9e du bois... et le jour de notre rendez-vous annuel pour celles et ceux qui sont encore abonn\u00e9s \u00e0 notre blog de mariage ! Il y a des ann\u00e9es o\u00f9 un \u00e9v\u00e8nement occupe tout l'espace... Parfois, c'est un mariage ; parfois, c'est une\u2026","rel":"","context":"Dans &quot;Apr\u00e8s le mariage&quot;","block_context":{"text":"Apr\u00e8s le mariage","link":"http:\/\/www.mic-mat.fr\/mariage\/category\/apres-le-mariage\/"},"img":{"alt_text":"","src":"https:\/\/i0.wp.com\/www.mic-mat.fr\/mariage\/wp-content\/uploads\/2022\/07\/BA444182-9B97-4BA0-8F5D-A537B18B45D2_1_102_o-150x150.jpeg?resize=350%2C200","width":350,"height":200,"srcset":"https:\/\/i0.wp.com\/www.mic-mat.fr\/mariage\/wp-content\/uploads\/2022\/07\/BA444182-9B97-4BA0-8F5D-A537B18B45D2_1_102_o-150x150.jpeg?resize=350%2C200 1x, https:\/\/i0.wp.com\/www.mic-mat.fr\/mariage\/wp-content\/uploads\/2022\/07\/BA444182-9B97-4BA0-8F5D-A537B18B45D2_1_102_o-150x150.jpeg?resize=525%2C300 1.5x, https:\/\/i0.wp.com\/www.mic-mat.fr\/mariage\/wp-content\/uploads\/2022\/07\/BA444182-9B97-4BA0-8F5D-A537B18B45D2_1_102_o-150x150.jpeg?resize=700%2C400 2x, https:\/\/i0.wp.com\/www.mic-mat.fr\/mariage\/wp-content\/uploads\/2022\/07\/BA444182-9B97-4BA0-8F5D-A537B18B45D2_1_102_o-150x150.jpeg?resize=1050%2C600 3x, https:\/\/i0.wp.com\/www.mic-mat.fr\/mariage\/wp-content\/uploads\/2022\/07\/BA444182-9B97-4BA0-8F5D-A537B18B45D2_1_102_o-150x150.jpeg?resize=1400%2C800 4x"},"classes":[]},{"id":345,"url":"http:\/\/www.mic-mat.fr\/mariage\/le-gr20-j5-de-castel-di-vergio-a-la-breche-de-capitello\/","url_meta":{"origin":30,"position":5},"title":"Le GR20 &#8211; J5 &#8211; De Castel di Vergio \u00e0 la br\u00e8che de Capitello","author":"mimiryudo","date":"27 septembre 2017","format":false,"excerpt":"Samedi 29 juillet Oui, donc voil\u00e0, nous le confirmons ici pour ceux qui doutaient encore : une nuit \u00e0 l'h\u00f4tel, \u00e7a repose mieux qu'une nuit allong\u00e9e entre des cailloux ac\u00e9r\u00e9s et un vent violent ! C'est donc requinqu\u00e9s que nous partons en direction du refuge de Manganu. Comme toujours, l'\u00e9tape\u2026","rel":"","context":"Dans &quot;Apr\u00e8s le mariage&quot;","block_context":{"text":"Apr\u00e8s le mariage","link":"http:\/\/www.mic-mat.fr\/mariage\/category\/apres-le-mariage\/"},"img":{"alt_text":"","src":"https:\/\/i0.wp.com\/www.mic-mat.fr\/mariage\/wp-content\/uploads\/2017\/09\/IMG_5851-e1506438579201-150x150.jpg?resize=350%2C200","width":350,"height":200,"srcset":"https:\/\/i0.wp.com\/www.mic-mat.fr\/mariage\/wp-content\/uploads\/2017\/09\/IMG_5851-e1506438579201-150x150.jpg?resize=350%2C200 1x, https:\/\/i0.wp.com\/www.mic-mat.fr\/mariage\/wp-content\/uploads\/2017\/09\/IMG_5851-e1506438579201-150x150.jpg?resize=525%2C300 1.5x, https:\/\/i0.wp.com\/www.mic-mat.fr\/mariage\/wp-content\/uploads\/2017\/09\/IMG_5851-e1506438579201-150x150.jpg?resize=700%2C400 2x, https:\/\/i0.wp.com\/www.mic-mat.fr\/mariage\/wp-content\/uploads\/2017\/09\/IMG_5851-e1506438579201-150x150.jpg?resize=1050%2C600 3x, https:\/\/i0.wp.com\/www.mic-mat.fr\/mariage\/wp-content\/uploads\/2017\/09\/IMG_5851-e1506438579201-150x150.jpg?resize=1400%2C800 4x"},"classes":[]}],"jetpack_likes_enabled":true,"_links":{"self":[{"href":"http:\/\/www.mic-mat.fr\/mariage\/wp-json\/wp\/v2\/posts\/30","targetHints":{"allow":["GET"]}}],"collection":[{"href":"http:\/\/www.mic-mat.fr\/mariage\/wp-json\/wp\/v2\/posts"}],"about":[{"href":"http:\/\/www.mic-mat.fr\/mariage\/wp-json\/wp\/v2\/types\/post"}],"author":[{"embeddable":true,"href":"http:\/\/www.mic-mat.fr\/mariage\/wp-json\/wp\/v2\/users\/1"}],"replies":[{"embeddable":true,"href":"http:\/\/www.mic-mat.fr\/mariage\/wp-json\/wp\/v2\/comments?post=30"}],"version-history":[{"count":9,"href":"http:\/\/www.mic-mat.fr\/mariage\/wp-json\/wp\/v2\/posts\/30\/revisions"}],"predecessor-version":[{"id":114,"href":"http:\/\/www.mic-mat.fr\/mariage\/wp-json\/wp\/v2\/posts\/30\/revisions\/114"}],"wp:attachment":[{"href":"http:\/\/www.mic-mat.fr\/mariage\/wp-json\/wp\/v2\/media?parent=30"}],"wp:term":[{"taxonomy":"category","embeddable":true,"href":"http:\/\/www.mic-mat.fr\/mariage\/wp-json\/wp\/v2\/categories?post=30"},{"taxonomy":"post_tag","embeddable":true,"href":"http:\/\/www.mic-mat.fr\/mariage\/wp-json\/wp\/v2\/tags?post=30"}],"curies":[{"name":"wp","href":"https:\/\/api.w.org\/{rel}","templated":true}]}}