{"id":1467,"date":"2018-07-08T23:07:33","date_gmt":"2018-07-08T21:07:33","guid":{"rendered":"http:\/\/www.mic-mat.fr\/randonnees\/?p=1467"},"modified":"2018-07-15T16:09:33","modified_gmt":"2018-07-15T14:09:33","slug":"le-gr30-j4-de-murol-a-besse-et-sainte-anastaise","status":"publish","type":"post","link":"https:\/\/www.mic-mat.fr\/randonnees\/le-gr30-j4-de-murol-a-besse-et-sainte-anastaise\/","title":{"rendered":"Le GR30 &#8211; J4 &#8211; De Murol \u00e0 Besse-et-Sainte-Anastaise"},"content":{"rendered":"<p><strong>Les photos du billet de J3 sont bien publi\u00e9es en bas de l&rsquo;article pr\u00e9c\u00e9dent ! <\/strong><\/p>\n<p>Nous allons \u00e0 Besse-et-Sainte-Anastaise \u00ab\u00a0seulement\u00a0\u00bb aujourd&rsquo;hui, \u00e0 18 km, car les h\u00f4tels du lac de Pavin et de Compains sont d\u00e9j\u00e0 plein &#8211; merci au ma\u00eetre d&rsquo;h\u00f4tel (des Pins) qui nous a incit\u00e9s \u00e0 appeler hier soir&#8230;<\/p>\n<p>Nous prenons un petit-d\u00e9jeuner dans le salon chic. Une grande fresque annonce \u00ab\u00a0bien chasser, bien manger, bien boire chasse soucis, tourments et peines\u00a0\u00bb. Nous partons encore \u00e0 9h, avec un gant de toilette et un T-shirt en cours de s\u00e9chage sur les sacs de Mathilde et Micha\u00ebl respectivement. Deux chats nous souhaitent bonne chance.<\/p>\n<p>Nous passons par le centre de Murol pour acheter nos repas-saladi\u00e8res de ce midi et demain midi. Nous sommes de retour sur le d\u00e9but du GR30 \u00e0 9h20 et Micha\u00ebl se rend compte que le GPS nous a mal localis\u00e9s (il a invent\u00e9 un parcours de 2,4 km suppl\u00e9mentaire avant notre d\u00e9part&#8230; <em>c&rsquo;est corrig\u00e9 manuellement sur le smartphone, en attendant \u00e9ventuellement mieux sur un ordinateur au retour&#8230; Quand je vous disais qu&rsquo;il n&rsquo;y avait pas de r\u00e9seau et que je ne pouvais pas mettre en ligne les photos hier soir, \u00e7a n&rsquo;\u00e9tait pas juste par flemmardise !<\/em>)<\/p>\n<p>Nous commen\u00e7ons comme \u00e0 chaque fois par une mont\u00e9e, puis une redescente progressive jusqu&rsquo;au lac de Chambon. Sur ces premiers kilom\u00e8tres, nous croisons les 6 premiers ultra-traileurs de la Travers\u00e9e de la Vall\u00e9e Verte (43 km).<\/p>\n<p>Avant d&rsquo;arriver au lac Chambon, nous passons pr\u00e8s des vestiges du Ch\u00e2teau de Varennes vers 10h30. Apr\u00e8s avoir fini le tour du lac (sportif et anim\u00e9), nous faisons une courte pause de 15 minutes. Mathilde retire ses chaussures ; Micha\u00ebl se contente ici de les desserrer.<\/p>\n<p>Retirer les lacets c&rsquo;est un peu comme \u00eatre en pantoufles (des pantoufles lest\u00e9es de plomb certes, mais des pantoufles quand m\u00eame). C&rsquo;est d&rsquo;ailleurs vraiment le seul \u00e9l\u00e9ment utile du GR20 que nous avons oubli\u00e9 de prendre : des chaussures l\u00e9g\u00e8res pour le soir ! C&rsquo;est un peu p\u00e9nible de remettre nos godillots pour descendre au restaurant&#8230; A l&rsquo;inverse, nous avons aussi des choses que nous trimballons pour rien pour l&rsquo;instant : 2 sacs de couchage, 2 serviettes pliables, un sifflet, un couteau et une lampe frontale. N\u00e9anmoins nous savons tous que dans un r\u00e9cit, tout ce qui est cit\u00e9 servira \u00e0 un moment ou un autre (le principe du <a href=\"https:\/\/fr.m.wikipedia.org\/wiki\/Fusil_de_Tchekhov\">fusil de Tchekhov<\/a>) et nous sommes donc impatients de devoir finir une \u00e9tape \u00ab\u00a0\u00e0 la frontale\u00a0\u00bb&#8230; comme au bon vieux temps !<\/p>\n<p>Apr\u00e8s le tour du lac de Chambon et la pause donc, nous entamons la mont\u00e9e la plus raide depuis le d\u00e9but du GR30, du ruisseau de Courbanges jusqu&rsquo;\u00e0 la ville. Il y a plein de tables de camping mais elles sont toutes dans des jardins priv\u00e9s ou des g\u00eetes, avec des \u00e9criteaux clairs sur ce caract\u00e8re non public&#8230; Nous prenons donc notre repas sur des gros cailloux peu confortables, en compagnie d&rsquo;un chien qui repart avec quelques morceaux de thon. Une pause non reposante&#8230;<\/p>\n<p>Entre la saladi\u00e8re et la compote, Micha\u00ebl part explorer en direction de la cascade du Cheix, annonc\u00e9e \u00e0 500 m, mais en r\u00e9alit\u00e9 cach\u00e9e \u00e0 650 m environ, en descendant un chemin non indiqu\u00e9 sur le bas-c\u00f4t\u00e9 d&rsquo;une d\u00e9partementale&#8230; C&rsquo;est dommage que le GR30 ne fasse pas une boucle par ici, parce que c&rsquo;est un tr\u00e8s joli site (bon, j&rsquo;avoue, j&rsquo;aime beaucoup les cascades). Y aller sans sac ni b\u00e2ton permet de se sentir bien plus l\u00e9ger et de permettre de trottiner.<\/p>\n<p>Nous repartons \u00e0 14h15 en direction de l&rsquo;h\u00f4tel La Gazelle de Besse (nous avons d\u00e9cid\u00e9 \u00e0 la fin du repas que nous irions \u00e0 celui-ci apr\u00e8s avoir vu sur internet qu&rsquo;il y avait une piscine avec un spa, soit exactement toutes les revendications de nos pieds). Nous faisons une derni\u00e8re pause \u00e0 Leylavaux o\u00f9 nous attirons cette fois un chat tr\u00e8s c\u00e2lin, qui nous suit jusqu&rsquo;\u00e0 la sortie du hameau. Cette \u00e9tape, nous aurons crois\u00e9 3 chats et 1 chien : nous n&rsquo;avons pour l&rsquo;instant pas crois\u00e9 autant de randonneurs du GR30 sur notre route depuis le d\u00e9but !<\/p>\n<p>Nous marchons ensuite une petite heure, surplombant puis traversant Besse-et-Sainte-Anastaide, une jolie ville m\u00e9di\u00e9vale, anim\u00e9e (festival musique et livre aujourd&rsquo;hui), avec un beau ruisseau, des commerces originaux sur la place o\u00f9 nous retournerons ce soir, et un magnifique beffroi sous lequel nous pouvons passer.<\/p>\n<p>C&rsquo;est donc une petite \u00e9tape qui s&rsquo;ach\u00e8ve aujourd&rsquo;hui&#8230; Nous massons nos pieds, talons, chevilles, mollets, cuisses et genoux dans le jaccuzzi de la piscine, pendant pr\u00e8s d&rsquo;une heure. Le luxe est \u00e0 son paroxysme sur ce GR.<\/p>\n<p>Mais l&rsquo;\u00e9tape de demain promet de nous rappeler que nous ne sommes pas l\u00e0 pour nous amuser. Enfin si&#8230; mais pas que.<\/p>\n<p>A\u00efe.<\/p>\n<p><img data-recalc-dims=\"1\" loading=\"lazy\" decoding=\"async\" data-attachment-id=\"1521\" data-permalink=\"https:\/\/www.mic-mat.fr\/randonnees\/le-gr30-j4-de-murol-a-besse-et-sainte-anastaise\/img_3677\/\" data-orig-file=\"https:\/\/i0.wp.com\/www.mic-mat.fr\/randonnees\/wp-content\/uploads\/2018\/07\/img_3677.jpg?fit=750%2C1334&amp;ssl=1\" data-orig-size=\"750,1334\" data-comments-opened=\"1\" data-image-meta=\"{&quot;aperture&quot;:&quot;0&quot;,&quot;credit&quot;:&quot;&quot;,&quot;camera&quot;:&quot;&quot;,&quot;caption&quot;:&quot;&quot;,&quot;created_timestamp&quot;:&quot;0&quot;,&quot;copyright&quot;:&quot;&quot;,&quot;focal_length&quot;:&quot;0&quot;,&quot;iso&quot;:&quot;0&quot;,&quot;shutter_speed&quot;:&quot;0&quot;,&quot;title&quot;:&quot;&quot;,&quot;orientation&quot;:&quot;1&quot;}\" data-image-title=\"img_3677\" data-image-description=\"\" data-image-caption=\"\" data-large-file=\"https:\/\/i0.wp.com\/www.mic-mat.fr\/randonnees\/wp-content\/uploads\/2018\/07\/img_3677.jpg?fit=576%2C1024&amp;ssl=1\" class=\"alignnone wp-image-1521 size-large\" src=\"https:\/\/i0.wp.com\/www.mic-mat.fr\/randonnees\/wp-content\/uploads\/2018\/07\/img_3677.jpg?resize=576%2C1024\" alt=\"\" width=\"576\" height=\"1024\" srcset=\"https:\/\/i0.wp.com\/www.mic-mat.fr\/randonnees\/wp-content\/uploads\/2018\/07\/img_3677.jpg?resize=576%2C1024&amp;ssl=1 576w, https:\/\/i0.wp.com\/www.mic-mat.fr\/randonnees\/wp-content\/uploads\/2018\/07\/img_3677.jpg?resize=169%2C300&amp;ssl=1 169w, https:\/\/i0.wp.com\/www.mic-mat.fr\/randonnees\/wp-content\/uploads\/2018\/07\/img_3677.jpg?w=750&amp;ssl=1 750w\" sizes=\"auto, (max-width: 576px) 85vw, 576px\" \/><\/p>\n<p><img data-recalc-dims=\"1\" loading=\"lazy\" decoding=\"async\" data-attachment-id=\"1520\" data-permalink=\"https:\/\/www.mic-mat.fr\/randonnees\/le-gr30-j4-de-murol-a-besse-et-sainte-anastaise\/img_3676\/\" data-orig-file=\"https:\/\/i0.wp.com\/www.mic-mat.fr\/randonnees\/wp-content\/uploads\/2018\/07\/img_3676.jpg?fit=750%2C580&amp;ssl=1\" data-orig-size=\"750,580\" data-comments-opened=\"1\" data-image-meta=\"{&quot;aperture&quot;:&quot;0&quot;,&quot;credit&quot;:&quot;&quot;,&quot;camera&quot;:&quot;&quot;,&quot;caption&quot;:&quot;&quot;,&quot;created_timestamp&quot;:&quot;0&quot;,&quot;copyright&quot;:&quot;&quot;,&quot;focal_length&quot;:&quot;0&quot;,&quot;iso&quot;:&quot;0&quot;,&quot;shutter_speed&quot;:&quot;0&quot;,&quot;title&quot;:&quot;&quot;,&quot;orientation&quot;:&quot;1&quot;}\" data-image-title=\"img_3676\" data-image-description=\"\" data-image-caption=\"\" data-large-file=\"https:\/\/i0.wp.com\/www.mic-mat.fr\/randonnees\/wp-content\/uploads\/2018\/07\/img_3676.jpg?fit=750%2C580&amp;ssl=1\" class=\"wp-image-1520 size-full\" src=\"https:\/\/i0.wp.com\/www.mic-mat.fr\/randonnees\/wp-content\/uploads\/2018\/07\/img_3676.jpg?resize=750%2C580\" width=\"750\" height=\"580\" srcset=\"https:\/\/i0.wp.com\/www.mic-mat.fr\/randonnees\/wp-content\/uploads\/2018\/07\/img_3676.jpg?w=750&amp;ssl=1 750w, https:\/\/i0.wp.com\/www.mic-mat.fr\/randonnees\/wp-content\/uploads\/2018\/07\/img_3676.jpg?resize=300%2C232&amp;ssl=1 300w\" sizes=\"auto, (max-width: 709px) 85vw, (max-width: 909px) 67vw, (max-width: 984px) 61vw, (max-width: 1362px) 45vw, 600px\" \/><\/p>\n<p><em>Au total, nous randonnons de 8h56 \u00e0 16h42 (7h46). Nous sommes \u00e0 90 km effectu\u00e9s et 108 restants en 4 jours. Selon le guide, 18,5 km en 4h40 (mais il y a 1,3 km pour la cascade de Cheix, 500 m dans Murol, 500 m pour l&rsquo;h\u00f4tel La Gazelle&#8230; et 2 km myst\u00e8re).<\/em><\/p>\n<div data-carousel-extra='{&quot;blog_id&quot;:1,&quot;permalink&quot;:&quot;https:\/\/www.mic-mat.fr\/randonnees\/le-gr30-j4-de-murol-a-besse-et-sainte-anastaise\/&quot;}' id='gallery-1' class='gallery galleryid-1467 gallery-columns-3 gallery-size-thumbnail'><figure class='gallery-item'>\n\t\t\t<div class='gallery-icon portrait'>\n\t\t\t\t<a href='https:\/\/www.mic-mat.fr\/randonnees\/img_3522\/'><img loading=\"lazy\" decoding=\"async\" width=\"150\" height=\"150\" src=\"https:\/\/i0.wp.com\/www.mic-mat.fr\/randonnees\/wp-content\/uploads\/2018\/07\/img_3522.jpg?resize=150%2C150&amp;ssl=1\" class=\"attachment-thumbnail size-thumbnail\" alt=\"\" aria-describedby=\"gallery-1-1498\" srcset=\"https:\/\/i0.wp.com\/www.mic-mat.fr\/randonnees\/wp-content\/uploads\/2018\/07\/img_3522.jpg?resize=150%2C150&amp;ssl=1 150w, https:\/\/i0.wp.com\/www.mic-mat.fr\/randonnees\/wp-content\/uploads\/2018\/07\/img_3522.jpg?zoom=2&amp;resize=150%2C150 300w, https:\/\/i0.wp.com\/www.mic-mat.fr\/randonnees\/wp-content\/uploads\/2018\/07\/img_3522.jpg?zoom=3&amp;resize=150%2C150 450w\" sizes=\"auto, (max-width: 150px) 85vw, 150px\" data-attachment-id=\"1498\" data-permalink=\"https:\/\/www.mic-mat.fr\/randonnees\/img_3522\/\" data-orig-file=\"https:\/\/i0.wp.com\/www.mic-mat.fr\/randonnees\/wp-content\/uploads\/2018\/07\/img_3522.jpg?fit=3024%2C4032&amp;ssl=1\" data-orig-size=\"3024,4032\" data-comments-opened=\"1\" data-image-meta=\"{&quot;aperture&quot;:&quot;0&quot;,&quot;credit&quot;:&quot;&quot;,&quot;camera&quot;:&quot;&quot;,&quot;caption&quot;:&quot;&quot;,&quot;created_timestamp&quot;:&quot;0&quot;,&quot;copyright&quot;:&quot;&quot;,&quot;focal_length&quot;:&quot;0&quot;,&quot;iso&quot;:&quot;0&quot;,&quot;shutter_speed&quot;:&quot;0&quot;,&quot;title&quot;:&quot;&quot;,&quot;orientation&quot;:&quot;1&quot;}\" data-image-title=\"img_3522\" data-image-description=\"\" data-image-caption=\"&lt;p&gt;Mathilde attire les chats d\u00e8s le d\u00e9part !&lt;\/p&gt;\n\" data-large-file=\"https:\/\/i0.wp.com\/www.mic-mat.fr\/randonnees\/wp-content\/uploads\/2018\/07\/img_3522.jpg?fit=768%2C1024&amp;ssl=1\" \/><\/a>\n\t\t\t<\/div>\n\t\t\t\t<figcaption class='wp-caption-text gallery-caption' id='gallery-1-1498'>\n\t\t\t\tMathilde attire les chats d\u00e8s le d\u00e9part !\n\t\t\t\t<\/figcaption><\/figure><figure class='gallery-item'>\n\t\t\t<div class='gallery-icon landscape'>\n\t\t\t\t<a href='https:\/\/www.mic-mat.fr\/randonnees\/img_3542\/'><img loading=\"lazy\" decoding=\"async\" width=\"150\" height=\"150\" src=\"https:\/\/i0.wp.com\/www.mic-mat.fr\/randonnees\/wp-content\/uploads\/2018\/07\/img_3542.jpg?resize=150%2C150&amp;ssl=1\" class=\"attachment-thumbnail size-thumbnail\" alt=\"\" aria-describedby=\"gallery-1-1503\" srcset=\"https:\/\/i0.wp.com\/www.mic-mat.fr\/randonnees\/wp-content\/uploads\/2018\/07\/img_3542.jpg?resize=150%2C150&amp;ssl=1 150w, https:\/\/i0.wp.com\/www.mic-mat.fr\/randonnees\/wp-content\/uploads\/2018\/07\/img_3542.jpg?zoom=2&amp;resize=150%2C150 300w, https:\/\/i0.wp.com\/www.mic-mat.fr\/randonnees\/wp-content\/uploads\/2018\/07\/img_3542.jpg?zoom=3&amp;resize=150%2C150 450w\" sizes=\"auto, (max-width: 150px) 85vw, 150px\" data-attachment-id=\"1503\" data-permalink=\"https:\/\/www.mic-mat.fr\/randonnees\/img_3542\/\" data-orig-file=\"https:\/\/i0.wp.com\/www.mic-mat.fr\/randonnees\/wp-content\/uploads\/2018\/07\/img_3542.jpg?fit=8497%2C3666&amp;ssl=1\" data-orig-size=\"8497,3666\" data-comments-opened=\"1\" data-image-meta=\"{&quot;aperture&quot;:&quot;0&quot;,&quot;credit&quot;:&quot;&quot;,&quot;camera&quot;:&quot;&quot;,&quot;caption&quot;:&quot;&quot;,&quot;created_timestamp&quot;:&quot;0&quot;,&quot;copyright&quot;:&quot;&quot;,&quot;focal_length&quot;:&quot;0&quot;,&quot;iso&quot;:&quot;0&quot;,&quot;shutter_speed&quot;:&quot;0&quot;,&quot;title&quot;:&quot;&quot;,&quot;orientation&quot;:&quot;1&quot;}\" data-image-title=\"img_3542\" data-image-description=\"\" data-image-caption=\"&lt;p&gt;Lac de Chambon depuis la route y menant (lieu de passage de la Travers\u00e9e de la Vall\u00e9e Verte aujourd\u2019hui)&lt;\/p&gt;\n\" data-large-file=\"https:\/\/i0.wp.com\/www.mic-mat.fr\/randonnees\/wp-content\/uploads\/2018\/07\/img_3542.jpg?fit=840%2C363&amp;ssl=1\" \/><\/a>\n\t\t\t<\/div>\n\t\t\t\t<figcaption class='wp-caption-text gallery-caption' id='gallery-1-1503'>\n\t\t\t\tLac de Chambon depuis la route y menant (lieu de passage de la Travers\u00e9e de la Vall\u00e9e Verte aujourd\u2019hui)\n\t\t\t\t<\/figcaption><\/figure><figure class='gallery-item'>\n\t\t\t<div class='gallery-icon landscape'>\n\t\t\t\t<a href='https:\/\/www.mic-mat.fr\/randonnees\/img_3558\/'><img loading=\"lazy\" decoding=\"async\" width=\"150\" height=\"150\" src=\"https:\/\/i0.wp.com\/www.mic-mat.fr\/randonnees\/wp-content\/uploads\/2018\/07\/img_3558.jpg?resize=150%2C150&amp;ssl=1\" class=\"attachment-thumbnail size-thumbnail\" alt=\"\" aria-describedby=\"gallery-1-1499\" srcset=\"https:\/\/i0.wp.com\/www.mic-mat.fr\/randonnees\/wp-content\/uploads\/2018\/07\/img_3558.jpg?resize=150%2C150&amp;ssl=1 150w, https:\/\/i0.wp.com\/www.mic-mat.fr\/randonnees\/wp-content\/uploads\/2018\/07\/img_3558.jpg?zoom=2&amp;resize=150%2C150 300w, https:\/\/i0.wp.com\/www.mic-mat.fr\/randonnees\/wp-content\/uploads\/2018\/07\/img_3558.jpg?zoom=3&amp;resize=150%2C150 450w\" sizes=\"auto, (max-width: 150px) 85vw, 150px\" data-attachment-id=\"1499\" data-permalink=\"https:\/\/www.mic-mat.fr\/randonnees\/img_3558\/\" data-orig-file=\"https:\/\/i0.wp.com\/www.mic-mat.fr\/randonnees\/wp-content\/uploads\/2018\/07\/img_3558.jpg?fit=10208%2C3628&amp;ssl=1\" data-orig-size=\"10208,3628\" data-comments-opened=\"1\" data-image-meta=\"{&quot;aperture&quot;:&quot;0&quot;,&quot;credit&quot;:&quot;&quot;,&quot;camera&quot;:&quot;&quot;,&quot;caption&quot;:&quot;&quot;,&quot;created_timestamp&quot;:&quot;0&quot;,&quot;copyright&quot;:&quot;&quot;,&quot;focal_length&quot;:&quot;0&quot;,&quot;iso&quot;:&quot;0&quot;,&quot;shutter_speed&quot;:&quot;0&quot;,&quot;title&quot;:&quot;&quot;,&quot;orientation&quot;:&quot;1&quot;}\" data-image-title=\"img_3558\" data-image-description=\"\" data-image-caption=\"&lt;p&gt;Lac de Chambon (et Chambon-sur-Lac \u00e0 gauche)&lt;\/p&gt;\n\" data-large-file=\"https:\/\/i0.wp.com\/www.mic-mat.fr\/randonnees\/wp-content\/uploads\/2018\/07\/img_3558.jpg?fit=840%2C299&amp;ssl=1\" \/><\/a>\n\t\t\t<\/div>\n\t\t\t\t<figcaption class='wp-caption-text gallery-caption' id='gallery-1-1499'>\n\t\t\t\tLac de Chambon (et Chambon-sur-Lac \u00e0 gauche)\n\t\t\t\t<\/figcaption><\/figure><figure class='gallery-item'>\n\t\t\t<div class='gallery-icon landscape'>\n\t\t\t\t<a href='https:\/\/www.mic-mat.fr\/randonnees\/img_3547\/'><img loading=\"lazy\" decoding=\"async\" width=\"150\" height=\"150\" src=\"https:\/\/i0.wp.com\/www.mic-mat.fr\/randonnees\/wp-content\/uploads\/2018\/07\/img_3547.jpg?resize=150%2C150&amp;ssl=1\" class=\"attachment-thumbnail size-thumbnail\" alt=\"\" aria-describedby=\"gallery-1-1500\" srcset=\"https:\/\/i0.wp.com\/www.mic-mat.fr\/randonnees\/wp-content\/uploads\/2018\/07\/img_3547.jpg?resize=150%2C150&amp;ssl=1 150w, https:\/\/i0.wp.com\/www.mic-mat.fr\/randonnees\/wp-content\/uploads\/2018\/07\/img_3547.jpg?zoom=2&amp;resize=150%2C150 300w, https:\/\/i0.wp.com\/www.mic-mat.fr\/randonnees\/wp-content\/uploads\/2018\/07\/img_3547.jpg?zoom=3&amp;resize=150%2C150 450w\" sizes=\"auto, (max-width: 150px) 85vw, 150px\" data-attachment-id=\"1500\" data-permalink=\"https:\/\/www.mic-mat.fr\/randonnees\/img_3547\/\" data-orig-file=\"https:\/\/i0.wp.com\/www.mic-mat.fr\/randonnees\/wp-content\/uploads\/2018\/07\/img_3547.jpg?fit=4032%2C3024&amp;ssl=1\" data-orig-size=\"4032,3024\" data-comments-opened=\"1\" data-image-meta=\"{&quot;aperture&quot;:&quot;0&quot;,&quot;credit&quot;:&quot;&quot;,&quot;camera&quot;:&quot;&quot;,&quot;caption&quot;:&quot;&quot;,&quot;created_timestamp&quot;:&quot;0&quot;,&quot;copyright&quot;:&quot;&quot;,&quot;focal_length&quot;:&quot;0&quot;,&quot;iso&quot;:&quot;0&quot;,&quot;shutter_speed&quot;:&quot;0&quot;,&quot;title&quot;:&quot;&quot;,&quot;orientation&quot;:&quot;1&quot;}\" data-image-title=\"img_3547\" data-image-description=\"\" data-image-caption=\"&lt;p&gt;Vestiges du ch\u00e2teau de Varennes&amp;#8230; L\u2019association de pr\u00e9servation y a mis une bo\u00eete aux lettres avec un livret de croquis pour les voyageurs inspir\u00e9s&amp;#8230;&lt;\/p&gt;\n\" data-large-file=\"https:\/\/i0.wp.com\/www.mic-mat.fr\/randonnees\/wp-content\/uploads\/2018\/07\/img_3547.jpg?fit=840%2C630&amp;ssl=1\" \/><\/a>\n\t\t\t<\/div>\n\t\t\t\t<figcaption class='wp-caption-text gallery-caption' id='gallery-1-1500'>\n\t\t\t\tVestiges du ch\u00e2teau de Varennes&#8230; L\u2019association de pr\u00e9servation y a mis une bo\u00eete aux lettres avec un livret de croquis pour les voyageurs inspir\u00e9s&#8230;\n\t\t\t\t<\/figcaption><\/figure><figure class='gallery-item'>\n\t\t\t<div class='gallery-icon portrait'>\n\t\t\t\t<a href='https:\/\/www.mic-mat.fr\/randonnees\/img_3584\/'><img loading=\"lazy\" decoding=\"async\" width=\"150\" height=\"150\" src=\"https:\/\/i0.wp.com\/www.mic-mat.fr\/randonnees\/wp-content\/uploads\/2018\/07\/img_3584.jpg?resize=150%2C150&amp;ssl=1\" class=\"attachment-thumbnail size-thumbnail\" alt=\"\" aria-describedby=\"gallery-1-1508\" srcset=\"https:\/\/i0.wp.com\/www.mic-mat.fr\/randonnees\/wp-content\/uploads\/2018\/07\/img_3584.jpg?resize=150%2C150&amp;ssl=1 150w, https:\/\/i0.wp.com\/www.mic-mat.fr\/randonnees\/wp-content\/uploads\/2018\/07\/img_3584.jpg?zoom=2&amp;resize=150%2C150 300w, https:\/\/i0.wp.com\/www.mic-mat.fr\/randonnees\/wp-content\/uploads\/2018\/07\/img_3584.jpg?zoom=3&amp;resize=150%2C150 450w\" sizes=\"auto, (max-width: 150px) 85vw, 150px\" data-attachment-id=\"1508\" data-permalink=\"https:\/\/www.mic-mat.fr\/randonnees\/img_3584\/\" data-orig-file=\"https:\/\/i0.wp.com\/www.mic-mat.fr\/randonnees\/wp-content\/uploads\/2018\/07\/img_3584.jpg?fit=3024%2C4032&amp;ssl=1\" data-orig-size=\"3024,4032\" data-comments-opened=\"1\" data-image-meta=\"{&quot;aperture&quot;:&quot;0&quot;,&quot;credit&quot;:&quot;&quot;,&quot;camera&quot;:&quot;&quot;,&quot;caption&quot;:&quot;&quot;,&quot;created_timestamp&quot;:&quot;0&quot;,&quot;copyright&quot;:&quot;&quot;,&quot;focal_length&quot;:&quot;0&quot;,&quot;iso&quot;:&quot;0&quot;,&quot;shutter_speed&quot;:&quot;0&quot;,&quot;title&quot;:&quot;&quot;,&quot;orientation&quot;:&quot;1&quot;}\" data-image-title=\"img_3584\" data-image-description=\"\" data-image-caption=\"&lt;p&gt;La mont\u00e9e raide avant Courbanges&lt;\/p&gt;\n\" data-large-file=\"https:\/\/i0.wp.com\/www.mic-mat.fr\/randonnees\/wp-content\/uploads\/2018\/07\/img_3584.jpg?fit=768%2C1024&amp;ssl=1\" \/><\/a>\n\t\t\t<\/div>\n\t\t\t\t<figcaption class='wp-caption-text gallery-caption' id='gallery-1-1508'>\n\t\t\t\tLa mont\u00e9e raide avant Courbanges\n\t\t\t\t<\/figcaption><\/figure><figure class='gallery-item'>\n\t\t\t<div class='gallery-icon landscape'>\n\t\t\t\t<a href='https:\/\/www.mic-mat.fr\/randonnees\/img_3593\/'><img loading=\"lazy\" decoding=\"async\" width=\"150\" height=\"150\" src=\"https:\/\/i0.wp.com\/www.mic-mat.fr\/randonnees\/wp-content\/uploads\/2018\/07\/img_3593.jpg?resize=150%2C150&amp;ssl=1\" class=\"attachment-thumbnail size-thumbnail\" alt=\"\" aria-describedby=\"gallery-1-1506\" srcset=\"https:\/\/i0.wp.com\/www.mic-mat.fr\/randonnees\/wp-content\/uploads\/2018\/07\/img_3593.jpg?resize=150%2C150&amp;ssl=1 150w, https:\/\/i0.wp.com\/www.mic-mat.fr\/randonnees\/wp-content\/uploads\/2018\/07\/img_3593.jpg?zoom=2&amp;resize=150%2C150 300w, https:\/\/i0.wp.com\/www.mic-mat.fr\/randonnees\/wp-content\/uploads\/2018\/07\/img_3593.jpg?zoom=3&amp;resize=150%2C150 450w\" sizes=\"auto, (max-width: 150px) 85vw, 150px\" data-attachment-id=\"1506\" data-permalink=\"https:\/\/www.mic-mat.fr\/randonnees\/img_3593\/\" data-orig-file=\"https:\/\/i0.wp.com\/www.mic-mat.fr\/randonnees\/wp-content\/uploads\/2018\/07\/img_3593.jpg?fit=4032%2C3024&amp;ssl=1\" data-orig-size=\"4032,3024\" data-comments-opened=\"1\" data-image-meta=\"{&quot;aperture&quot;:&quot;0&quot;,&quot;credit&quot;:&quot;&quot;,&quot;camera&quot;:&quot;&quot;,&quot;caption&quot;:&quot;&quot;,&quot;created_timestamp&quot;:&quot;0&quot;,&quot;copyright&quot;:&quot;&quot;,&quot;focal_length&quot;:&quot;0&quot;,&quot;iso&quot;:&quot;0&quot;,&quot;shutter_speed&quot;:&quot;0&quot;,&quot;title&quot;:&quot;&quot;,&quot;orientation&quot;:&quot;1&quot;}\" data-image-title=\"img_3593\" data-image-description=\"\" data-image-caption=\"&lt;p&gt;C\u2019est m\u00eame le panneau qui le dit !&lt;\/p&gt;\n\" data-large-file=\"https:\/\/i0.wp.com\/www.mic-mat.fr\/randonnees\/wp-content\/uploads\/2018\/07\/img_3593.jpg?fit=840%2C630&amp;ssl=1\" \/><\/a>\n\t\t\t<\/div>\n\t\t\t\t<figcaption class='wp-caption-text gallery-caption' id='gallery-1-1506'>\n\t\t\t\tC\u2019est m\u00eame le panneau qui le dit !\n\t\t\t\t<\/figcaption><\/figure><figure class='gallery-item'>\n\t\t\t<div class='gallery-icon portrait'>\n\t\t\t\t<a href='https:\/\/www.mic-mat.fr\/randonnees\/img_3600\/'><img loading=\"lazy\" decoding=\"async\" width=\"150\" height=\"150\" src=\"https:\/\/i0.wp.com\/www.mic-mat.fr\/randonnees\/wp-content\/uploads\/2018\/07\/img_3600.jpg?resize=150%2C150&amp;ssl=1\" class=\"attachment-thumbnail size-thumbnail\" alt=\"\" aria-describedby=\"gallery-1-1501\" srcset=\"https:\/\/i0.wp.com\/www.mic-mat.fr\/randonnees\/wp-content\/uploads\/2018\/07\/img_3600.jpg?resize=150%2C150&amp;ssl=1 150w, https:\/\/i0.wp.com\/www.mic-mat.fr\/randonnees\/wp-content\/uploads\/2018\/07\/img_3600.jpg?zoom=2&amp;resize=150%2C150 300w, https:\/\/i0.wp.com\/www.mic-mat.fr\/randonnees\/wp-content\/uploads\/2018\/07\/img_3600.jpg?zoom=3&amp;resize=150%2C150 450w\" sizes=\"auto, (max-width: 150px) 85vw, 150px\" data-attachment-id=\"1501\" data-permalink=\"https:\/\/www.mic-mat.fr\/randonnees\/img_3600\/\" data-orig-file=\"https:\/\/i0.wp.com\/www.mic-mat.fr\/randonnees\/wp-content\/uploads\/2018\/07\/img_3600.jpg?fit=3024%2C4032&amp;ssl=1\" data-orig-size=\"3024,4032\" data-comments-opened=\"1\" data-image-meta=\"{&quot;aperture&quot;:&quot;0&quot;,&quot;credit&quot;:&quot;&quot;,&quot;camera&quot;:&quot;&quot;,&quot;caption&quot;:&quot;&quot;,&quot;created_timestamp&quot;:&quot;0&quot;,&quot;copyright&quot;:&quot;&quot;,&quot;focal_length&quot;:&quot;0&quot;,&quot;iso&quot;:&quot;0&quot;,&quot;shutter_speed&quot;:&quot;0&quot;,&quot;title&quot;:&quot;&quot;,&quot;orientation&quot;:&quot;1&quot;}\" data-image-title=\"img_3600\" data-image-description=\"\" data-image-caption=\"&lt;p&gt;Mathilde attire \u00e9galement les chiens (il faut dire qu\u2019on mange du thon en bo\u00eete, \u00e0 l\u2019aspect proche de ce qu\u2019on trouve dans les rayons canins !)&lt;\/p&gt;\n\" data-large-file=\"https:\/\/i0.wp.com\/www.mic-mat.fr\/randonnees\/wp-content\/uploads\/2018\/07\/img_3600.jpg?fit=768%2C1024&amp;ssl=1\" \/><\/a>\n\t\t\t<\/div>\n\t\t\t\t<figcaption class='wp-caption-text gallery-caption' id='gallery-1-1501'>\n\t\t\t\tMathilde attire \u00e9galement les chiens (il faut dire qu\u2019on mange du thon en bo\u00eete, \u00e0 l\u2019aspect proche de ce qu\u2019on trouve dans les rayons canins !)\n\t\t\t\t<\/figcaption><\/figure><figure class='gallery-item'>\n\t\t\t<div class='gallery-icon portrait'>\n\t\t\t\t<a href='https:\/\/www.mic-mat.fr\/randonnees\/img_3611\/'><img loading=\"lazy\" decoding=\"async\" width=\"150\" height=\"150\" src=\"https:\/\/i0.wp.com\/www.mic-mat.fr\/randonnees\/wp-content\/uploads\/2018\/07\/img_3611.jpg?resize=150%2C150&amp;ssl=1\" class=\"attachment-thumbnail size-thumbnail\" alt=\"\" aria-describedby=\"gallery-1-1510\" srcset=\"https:\/\/i0.wp.com\/www.mic-mat.fr\/randonnees\/wp-content\/uploads\/2018\/07\/img_3611.jpg?resize=150%2C150&amp;ssl=1 150w, https:\/\/i0.wp.com\/www.mic-mat.fr\/randonnees\/wp-content\/uploads\/2018\/07\/img_3611.jpg?zoom=2&amp;resize=150%2C150 300w, https:\/\/i0.wp.com\/www.mic-mat.fr\/randonnees\/wp-content\/uploads\/2018\/07\/img_3611.jpg?zoom=3&amp;resize=150%2C150 450w\" sizes=\"auto, (max-width: 150px) 85vw, 150px\" data-attachment-id=\"1510\" data-permalink=\"https:\/\/www.mic-mat.fr\/randonnees\/img_3611\/\" data-orig-file=\"https:\/\/i0.wp.com\/www.mic-mat.fr\/randonnees\/wp-content\/uploads\/2018\/07\/img_3611.jpg?fit=3024%2C4032&amp;ssl=1\" data-orig-size=\"3024,4032\" data-comments-opened=\"1\" data-image-meta=\"{&quot;aperture&quot;:&quot;0&quot;,&quot;credit&quot;:&quot;&quot;,&quot;camera&quot;:&quot;&quot;,&quot;caption&quot;:&quot;&quot;,&quot;created_timestamp&quot;:&quot;0&quot;,&quot;copyright&quot;:&quot;&quot;,&quot;focal_length&quot;:&quot;0&quot;,&quot;iso&quot;:&quot;0&quot;,&quot;shutter_speed&quot;:&quot;0&quot;,&quot;title&quot;:&quot;&quot;,&quot;orientation&quot;:&quot;1&quot;}\" data-image-title=\"img_3611\" data-image-description=\"\" data-image-caption=\"&lt;p&gt;La cascade de Cheix : cach\u00e9e mais tr\u00e8s belle ! &lt;\/p&gt;\n\" data-large-file=\"https:\/\/i0.wp.com\/www.mic-mat.fr\/randonnees\/wp-content\/uploads\/2018\/07\/img_3611.jpg?fit=768%2C1024&amp;ssl=1\" \/><\/a>\n\t\t\t<\/div>\n\t\t\t\t<figcaption class='wp-caption-text gallery-caption' id='gallery-1-1510'>\n\t\t\t\tLa cascade de Cheix : cach\u00e9e mais tr\u00e8s belle ! \n\t\t\t\t<\/figcaption><\/figure><figure class='gallery-item'>\n\t\t\t<div class='gallery-icon portrait'>\n\t\t\t\t<a href='https:\/\/www.mic-mat.fr\/randonnees\/img_3602\/'><img loading=\"lazy\" decoding=\"async\" width=\"150\" height=\"150\" src=\"https:\/\/i0.wp.com\/www.mic-mat.fr\/randonnees\/wp-content\/uploads\/2018\/07\/img_3602.jpg?resize=150%2C150&amp;ssl=1\" class=\"attachment-thumbnail size-thumbnail\" alt=\"\" aria-describedby=\"gallery-1-1509\" srcset=\"https:\/\/i0.wp.com\/www.mic-mat.fr\/randonnees\/wp-content\/uploads\/2018\/07\/img_3602.jpg?resize=150%2C150&amp;ssl=1 150w, https:\/\/i0.wp.com\/www.mic-mat.fr\/randonnees\/wp-content\/uploads\/2018\/07\/img_3602.jpg?zoom=2&amp;resize=150%2C150 300w, https:\/\/i0.wp.com\/www.mic-mat.fr\/randonnees\/wp-content\/uploads\/2018\/07\/img_3602.jpg?zoom=3&amp;resize=150%2C150 450w\" sizes=\"auto, (max-width: 150px) 85vw, 150px\" data-attachment-id=\"1509\" data-permalink=\"https:\/\/www.mic-mat.fr\/randonnees\/img_3602\/\" data-orig-file=\"https:\/\/i0.wp.com\/www.mic-mat.fr\/randonnees\/wp-content\/uploads\/2018\/07\/img_3602.jpg?fit=3024%2C4032&amp;ssl=1\" data-orig-size=\"3024,4032\" data-comments-opened=\"1\" data-image-meta=\"{&quot;aperture&quot;:&quot;0&quot;,&quot;credit&quot;:&quot;&quot;,&quot;camera&quot;:&quot;&quot;,&quot;caption&quot;:&quot;&quot;,&quot;created_timestamp&quot;:&quot;0&quot;,&quot;copyright&quot;:&quot;&quot;,&quot;focal_length&quot;:&quot;0&quot;,&quot;iso&quot;:&quot;0&quot;,&quot;shutter_speed&quot;:&quot;0&quot;,&quot;title&quot;:&quot;&quot;,&quot;orientation&quot;:&quot;1&quot;}\" data-image-title=\"img_3602\" data-image-description=\"\" data-image-caption=\"&lt;p&gt;Apr\u00e8s \u00ab\u00a0Pr\u00e8s de la For\u00eat\u00a0\u00bb o\u00f9 nous avons mang\u00e9&lt;\/p&gt;\n\" data-large-file=\"https:\/\/i0.wp.com\/www.mic-mat.fr\/randonnees\/wp-content\/uploads\/2018\/07\/img_3602.jpg?fit=768%2C1024&amp;ssl=1\" \/><\/a>\n\t\t\t<\/div>\n\t\t\t\t<figcaption class='wp-caption-text gallery-caption' id='gallery-1-1509'>\n\t\t\t\tApr\u00e8s \u00ab\u00a0Pr\u00e8s de la For\u00eat\u00a0\u00bb o\u00f9 nous avons mang\u00e9\n\t\t\t\t<\/figcaption><\/figure><figure class='gallery-item'>\n\t\t\t<div class='gallery-icon portrait'>\n\t\t\t\t<a href='https:\/\/www.mic-mat.fr\/randonnees\/img_3619\/'><img loading=\"lazy\" decoding=\"async\" width=\"150\" height=\"150\" src=\"https:\/\/i0.wp.com\/www.mic-mat.fr\/randonnees\/wp-content\/uploads\/2018\/07\/img_3619.jpg?resize=150%2C150&amp;ssl=1\" class=\"attachment-thumbnail size-thumbnail\" alt=\"\" aria-describedby=\"gallery-1-1511\" srcset=\"https:\/\/i0.wp.com\/www.mic-mat.fr\/randonnees\/wp-content\/uploads\/2018\/07\/img_3619.jpg?resize=150%2C150&amp;ssl=1 150w, https:\/\/i0.wp.com\/www.mic-mat.fr\/randonnees\/wp-content\/uploads\/2018\/07\/img_3619.jpg?zoom=2&amp;resize=150%2C150 300w, https:\/\/i0.wp.com\/www.mic-mat.fr\/randonnees\/wp-content\/uploads\/2018\/07\/img_3619.jpg?zoom=3&amp;resize=150%2C150 450w\" sizes=\"auto, (max-width: 150px) 85vw, 150px\" data-attachment-id=\"1511\" data-permalink=\"https:\/\/www.mic-mat.fr\/randonnees\/img_3619\/\" data-orig-file=\"https:\/\/i0.wp.com\/www.mic-mat.fr\/randonnees\/wp-content\/uploads\/2018\/07\/img_3619.jpg?fit=3662%2C5750&amp;ssl=1\" data-orig-size=\"3662,5750\" data-comments-opened=\"1\" data-image-meta=\"{&quot;aperture&quot;:&quot;0&quot;,&quot;credit&quot;:&quot;&quot;,&quot;camera&quot;:&quot;&quot;,&quot;caption&quot;:&quot;&quot;,&quot;created_timestamp&quot;:&quot;0&quot;,&quot;copyright&quot;:&quot;&quot;,&quot;focal_length&quot;:&quot;0&quot;,&quot;iso&quot;:&quot;0&quot;,&quot;shutter_speed&quot;:&quot;0&quot;,&quot;title&quot;:&quot;&quot;,&quot;orientation&quot;:&quot;1&quot;}\" data-image-title=\"img_3619\" data-image-description=\"\" data-image-caption=\"&lt;p&gt;Entre la for\u00eat de Courbanges et Leyvalaux&lt;\/p&gt;\n\" data-large-file=\"https:\/\/i0.wp.com\/www.mic-mat.fr\/randonnees\/wp-content\/uploads\/2018\/07\/img_3619.jpg?fit=652%2C1024&amp;ssl=1\" \/><\/a>\n\t\t\t<\/div>\n\t\t\t\t<figcaption class='wp-caption-text gallery-caption' id='gallery-1-1511'>\n\t\t\t\tEntre la for\u00eat de Courbanges et Leyvalaux\n\t\t\t\t<\/figcaption><\/figure><figure class='gallery-item'>\n\t\t\t<div class='gallery-icon landscape'>\n\t\t\t\t<a href='https:\/\/www.mic-mat.fr\/randonnees\/img_3588\/'><img loading=\"lazy\" decoding=\"async\" width=\"150\" height=\"150\" src=\"https:\/\/i0.wp.com\/www.mic-mat.fr\/randonnees\/wp-content\/uploads\/2018\/07\/img_3588.jpg?resize=150%2C150&amp;ssl=1\" class=\"attachment-thumbnail size-thumbnail\" alt=\"\" aria-describedby=\"gallery-1-1505\" srcset=\"https:\/\/i0.wp.com\/www.mic-mat.fr\/randonnees\/wp-content\/uploads\/2018\/07\/img_3588.jpg?resize=150%2C150&amp;ssl=1 150w, https:\/\/i0.wp.com\/www.mic-mat.fr\/randonnees\/wp-content\/uploads\/2018\/07\/img_3588.jpg?zoom=2&amp;resize=150%2C150 300w, https:\/\/i0.wp.com\/www.mic-mat.fr\/randonnees\/wp-content\/uploads\/2018\/07\/img_3588.jpg?zoom=3&amp;resize=150%2C150 450w\" sizes=\"auto, (max-width: 150px) 85vw, 150px\" data-attachment-id=\"1505\" data-permalink=\"https:\/\/www.mic-mat.fr\/randonnees\/img_3588\/\" data-orig-file=\"https:\/\/i0.wp.com\/www.mic-mat.fr\/randonnees\/wp-content\/uploads\/2018\/07\/img_3588.jpg?fit=4032%2C3024&amp;ssl=1\" data-orig-size=\"4032,3024\" data-comments-opened=\"1\" data-image-meta=\"{&quot;aperture&quot;:&quot;0&quot;,&quot;credit&quot;:&quot;&quot;,&quot;camera&quot;:&quot;&quot;,&quot;caption&quot;:&quot;&quot;,&quot;created_timestamp&quot;:&quot;0&quot;,&quot;copyright&quot;:&quot;&quot;,&quot;focal_length&quot;:&quot;0&quot;,&quot;iso&quot;:&quot;0&quot;,&quot;shutter_speed&quot;:&quot;0&quot;,&quot;title&quot;:&quot;&quot;,&quot;orientation&quot;:&quot;1&quot;}\" data-image-title=\"img_3588\" data-image-description=\"\" data-image-caption=\"&lt;p&gt;Vue depuis le plateau au-dessus de Saint-Victor-La-Rivi\u00e8re&lt;\/p&gt;\n\" data-large-file=\"https:\/\/i0.wp.com\/www.mic-mat.fr\/randonnees\/wp-content\/uploads\/2018\/07\/img_3588.jpg?fit=840%2C630&amp;ssl=1\" \/><\/a>\n\t\t\t<\/div>\n\t\t\t\t<figcaption class='wp-caption-text gallery-caption' id='gallery-1-1505'>\n\t\t\t\tVue depuis le plateau au-dessus de Saint-Victor-La-Rivi\u00e8re\n\t\t\t\t<\/figcaption><\/figure><figure class='gallery-item'>\n\t\t\t<div class='gallery-icon landscape'>\n\t\t\t\t<a href='https:\/\/www.mic-mat.fr\/randonnees\/img_3635\/'><img loading=\"lazy\" decoding=\"async\" width=\"150\" height=\"150\" src=\"https:\/\/i0.wp.com\/www.mic-mat.fr\/randonnees\/wp-content\/uploads\/2018\/07\/img_3635.jpg?resize=150%2C150&amp;ssl=1\" class=\"attachment-thumbnail size-thumbnail\" alt=\"\" aria-describedby=\"gallery-1-1502\" srcset=\"https:\/\/i0.wp.com\/www.mic-mat.fr\/randonnees\/wp-content\/uploads\/2018\/07\/img_3635.jpg?resize=150%2C150&amp;ssl=1 150w, https:\/\/i0.wp.com\/www.mic-mat.fr\/randonnees\/wp-content\/uploads\/2018\/07\/img_3635.jpg?zoom=2&amp;resize=150%2C150 300w, https:\/\/i0.wp.com\/www.mic-mat.fr\/randonnees\/wp-content\/uploads\/2018\/07\/img_3635.jpg?zoom=3&amp;resize=150%2C150 450w\" sizes=\"auto, (max-width: 150px) 85vw, 150px\" data-attachment-id=\"1502\" data-permalink=\"https:\/\/www.mic-mat.fr\/randonnees\/img_3635\/\" data-orig-file=\"https:\/\/i0.wp.com\/www.mic-mat.fr\/randonnees\/wp-content\/uploads\/2018\/07\/img_3635.jpg?fit=4032%2C3024&amp;ssl=1\" data-orig-size=\"4032,3024\" data-comments-opened=\"1\" data-image-meta=\"{&quot;aperture&quot;:&quot;0&quot;,&quot;credit&quot;:&quot;&quot;,&quot;camera&quot;:&quot;&quot;,&quot;caption&quot;:&quot;&quot;,&quot;created_timestamp&quot;:&quot;0&quot;,&quot;copyright&quot;:&quot;&quot;,&quot;focal_length&quot;:&quot;0&quot;,&quot;iso&quot;:&quot;0&quot;,&quot;shutter_speed&quot;:&quot;0&quot;,&quot;title&quot;:&quot;&quot;,&quot;orientation&quot;:&quot;1&quot;}\" data-image-title=\"img_3635\" data-image-description=\"\" data-image-caption=\"&lt;p&gt;Besse-et-Sainte-Anastaise au fond : notre destination !&lt;\/p&gt;\n\" data-large-file=\"https:\/\/i0.wp.com\/www.mic-mat.fr\/randonnees\/wp-content\/uploads\/2018\/07\/img_3635.jpg?fit=840%2C630&amp;ssl=1\" \/><\/a>\n\t\t\t<\/div>\n\t\t\t\t<figcaption class='wp-caption-text gallery-caption' id='gallery-1-1502'>\n\t\t\t\tBesse-et-Sainte-Anastaise au fond : notre destination !\n\t\t\t\t<\/figcaption><\/figure><figure class='gallery-item'>\n\t\t\t<div class='gallery-icon portrait'>\n\t\t\t\t<a href='https:\/\/www.mic-mat.fr\/randonnees\/img_3647\/'><img loading=\"lazy\" decoding=\"async\" width=\"150\" height=\"150\" src=\"https:\/\/i0.wp.com\/www.mic-mat.fr\/randonnees\/wp-content\/uploads\/2018\/07\/img_3647.jpg?resize=150%2C150&amp;ssl=1\" class=\"attachment-thumbnail size-thumbnail\" alt=\"\" aria-describedby=\"gallery-1-1507\" srcset=\"https:\/\/i0.wp.com\/www.mic-mat.fr\/randonnees\/wp-content\/uploads\/2018\/07\/img_3647.jpg?resize=150%2C150&amp;ssl=1 150w, https:\/\/i0.wp.com\/www.mic-mat.fr\/randonnees\/wp-content\/uploads\/2018\/07\/img_3647.jpg?zoom=2&amp;resize=150%2C150 300w, https:\/\/i0.wp.com\/www.mic-mat.fr\/randonnees\/wp-content\/uploads\/2018\/07\/img_3647.jpg?zoom=3&amp;resize=150%2C150 450w\" sizes=\"auto, (max-width: 150px) 85vw, 150px\" data-attachment-id=\"1507\" data-permalink=\"https:\/\/www.mic-mat.fr\/randonnees\/img_3647\/\" data-orig-file=\"https:\/\/i0.wp.com\/www.mic-mat.fr\/randonnees\/wp-content\/uploads\/2018\/07\/img_3647.jpg?fit=3534%2C6839&amp;ssl=1\" data-orig-size=\"3534,6839\" data-comments-opened=\"1\" data-image-meta=\"{&quot;aperture&quot;:&quot;0&quot;,&quot;credit&quot;:&quot;&quot;,&quot;camera&quot;:&quot;&quot;,&quot;caption&quot;:&quot;&quot;,&quot;created_timestamp&quot;:&quot;0&quot;,&quot;copyright&quot;:&quot;&quot;,&quot;focal_length&quot;:&quot;0&quot;,&quot;iso&quot;:&quot;0&quot;,&quot;shutter_speed&quot;:&quot;0&quot;,&quot;title&quot;:&quot;&quot;,&quot;orientation&quot;:&quot;1&quot;}\" data-image-title=\"img_3647\" data-image-description=\"\" data-image-caption=\"&lt;p&gt;La couze Pavin \u00e0 l\u2019entr\u00e9e de Besse-et-Sainte-Anastaise (sa banlieue Nord&amp;#8230;)&lt;\/p&gt;\n\" data-large-file=\"https:\/\/i0.wp.com\/www.mic-mat.fr\/randonnees\/wp-content\/uploads\/2018\/07\/img_3647.jpg?fit=529%2C1024&amp;ssl=1\" \/><\/a>\n\t\t\t<\/div>\n\t\t\t\t<figcaption class='wp-caption-text gallery-caption' id='gallery-1-1507'>\n\t\t\t\tLa couze Pavin \u00e0 l\u2019entr\u00e9e de Besse-et-Sainte-Anastaise (sa banlieue Nord&#8230;)\n\t\t\t\t<\/figcaption><\/figure><figure class='gallery-item'>\n\t\t\t<div class='gallery-icon landscape'>\n\t\t\t\t<a href='https:\/\/www.mic-mat.fr\/randonnees\/img_3653\/'><img loading=\"lazy\" decoding=\"async\" width=\"150\" height=\"150\" src=\"https:\/\/i0.wp.com\/www.mic-mat.fr\/randonnees\/wp-content\/uploads\/2018\/07\/img_3653.jpg?resize=150%2C150&amp;ssl=1\" class=\"attachment-thumbnail size-thumbnail\" alt=\"\" aria-describedby=\"gallery-1-1516\" srcset=\"https:\/\/i0.wp.com\/www.mic-mat.fr\/randonnees\/wp-content\/uploads\/2018\/07\/img_3653.jpg?resize=150%2C150&amp;ssl=1 150w, https:\/\/i0.wp.com\/www.mic-mat.fr\/randonnees\/wp-content\/uploads\/2018\/07\/img_3653.jpg?zoom=2&amp;resize=150%2C150 300w, https:\/\/i0.wp.com\/www.mic-mat.fr\/randonnees\/wp-content\/uploads\/2018\/07\/img_3653.jpg?zoom=3&amp;resize=150%2C150 450w\" sizes=\"auto, (max-width: 150px) 85vw, 150px\" data-attachment-id=\"1516\" data-permalink=\"https:\/\/www.mic-mat.fr\/randonnees\/img_3653\/\" data-orig-file=\"https:\/\/i0.wp.com\/www.mic-mat.fr\/randonnees\/wp-content\/uploads\/2018\/07\/img_3653.jpg?fit=4032%2C3024&amp;ssl=1\" data-orig-size=\"4032,3024\" data-comments-opened=\"1\" data-image-meta=\"{&quot;aperture&quot;:&quot;0&quot;,&quot;credit&quot;:&quot;&quot;,&quot;camera&quot;:&quot;&quot;,&quot;caption&quot;:&quot;&quot;,&quot;created_timestamp&quot;:&quot;0&quot;,&quot;copyright&quot;:&quot;&quot;,&quot;focal_length&quot;:&quot;0&quot;,&quot;iso&quot;:&quot;0&quot;,&quot;shutter_speed&quot;:&quot;0&quot;,&quot;title&quot;:&quot;&quot;,&quot;orientation&quot;:&quot;1&quot;}\" data-image-title=\"img_3653\" data-image-description=\"\" data-image-caption=\"&lt;p&gt;Le village de Besse est color\u00e9 !&lt;\/p&gt;\n\" data-large-file=\"https:\/\/i0.wp.com\/www.mic-mat.fr\/randonnees\/wp-content\/uploads\/2018\/07\/img_3653.jpg?fit=840%2C630&amp;ssl=1\" \/><\/a>\n\t\t\t<\/div>\n\t\t\t\t<figcaption class='wp-caption-text gallery-caption' id='gallery-1-1516'>\n\t\t\t\tLe village de Besse est color\u00e9 !\n\t\t\t\t<\/figcaption><\/figure><figure class='gallery-item'>\n\t\t\t<div class='gallery-icon portrait'>\n\t\t\t\t<a href='https:\/\/www.mic-mat.fr\/randonnees\/img_3655\/'><img loading=\"lazy\" decoding=\"async\" width=\"150\" height=\"150\" src=\"https:\/\/i0.wp.com\/www.mic-mat.fr\/randonnees\/wp-content\/uploads\/2018\/07\/img_3655.jpg?resize=150%2C150&amp;ssl=1\" class=\"attachment-thumbnail size-thumbnail\" alt=\"\" aria-describedby=\"gallery-1-1517\" srcset=\"https:\/\/i0.wp.com\/www.mic-mat.fr\/randonnees\/wp-content\/uploads\/2018\/07\/img_3655.jpg?resize=150%2C150&amp;ssl=1 150w, https:\/\/i0.wp.com\/www.mic-mat.fr\/randonnees\/wp-content\/uploads\/2018\/07\/img_3655.jpg?zoom=2&amp;resize=150%2C150 300w, https:\/\/i0.wp.com\/www.mic-mat.fr\/randonnees\/wp-content\/uploads\/2018\/07\/img_3655.jpg?zoom=3&amp;resize=150%2C150 450w\" sizes=\"auto, (max-width: 150px) 85vw, 150px\" data-attachment-id=\"1517\" data-permalink=\"https:\/\/www.mic-mat.fr\/randonnees\/img_3655\/\" data-orig-file=\"https:\/\/i0.wp.com\/www.mic-mat.fr\/randonnees\/wp-content\/uploads\/2018\/07\/img_3655.jpg?fit=3024%2C4032&amp;ssl=1\" data-orig-size=\"3024,4032\" data-comments-opened=\"1\" data-image-meta=\"{&quot;aperture&quot;:&quot;0&quot;,&quot;credit&quot;:&quot;&quot;,&quot;camera&quot;:&quot;&quot;,&quot;caption&quot;:&quot;&quot;,&quot;created_timestamp&quot;:&quot;0&quot;,&quot;copyright&quot;:&quot;&quot;,&quot;focal_length&quot;:&quot;0&quot;,&quot;iso&quot;:&quot;0&quot;,&quot;shutter_speed&quot;:&quot;0&quot;,&quot;title&quot;:&quot;&quot;,&quot;orientation&quot;:&quot;1&quot;}\" data-image-title=\"img_3655\" data-image-description=\"\" data-image-caption=\"&lt;p&gt;Le beffroi de Besse&lt;\/p&gt;\n\" data-large-file=\"https:\/\/i0.wp.com\/www.mic-mat.fr\/randonnees\/wp-content\/uploads\/2018\/07\/img_3655.jpg?fit=768%2C1024&amp;ssl=1\" \/><\/a>\n\t\t\t<\/div>\n\t\t\t\t<figcaption class='wp-caption-text gallery-caption' id='gallery-1-1517'>\n\t\t\t\tLe beffroi de Besse\n\t\t\t\t<\/figcaption><\/figure><figure class='gallery-item'>\n\t\t\t<div class='gallery-icon portrait'>\n\t\t\t\t<a href='https:\/\/www.mic-mat.fr\/randonnees\/img_3657\/'><img loading=\"lazy\" decoding=\"async\" width=\"150\" height=\"150\" src=\"https:\/\/i0.wp.com\/www.mic-mat.fr\/randonnees\/wp-content\/uploads\/2018\/07\/img_3657.jpg?resize=150%2C150&amp;ssl=1\" class=\"attachment-thumbnail size-thumbnail\" alt=\"\" aria-describedby=\"gallery-1-1518\" srcset=\"https:\/\/i0.wp.com\/www.mic-mat.fr\/randonnees\/wp-content\/uploads\/2018\/07\/img_3657.jpg?resize=150%2C150&amp;ssl=1 150w, https:\/\/i0.wp.com\/www.mic-mat.fr\/randonnees\/wp-content\/uploads\/2018\/07\/img_3657.jpg?zoom=2&amp;resize=150%2C150 300w, https:\/\/i0.wp.com\/www.mic-mat.fr\/randonnees\/wp-content\/uploads\/2018\/07\/img_3657.jpg?zoom=3&amp;resize=150%2C150 450w\" sizes=\"auto, (max-width: 150px) 85vw, 150px\" data-attachment-id=\"1518\" data-permalink=\"https:\/\/www.mic-mat.fr\/randonnees\/img_3657\/\" data-orig-file=\"https:\/\/i0.wp.com\/www.mic-mat.fr\/randonnees\/wp-content\/uploads\/2018\/07\/img_3657.jpg?fit=3024%2C4032&amp;ssl=1\" data-orig-size=\"3024,4032\" data-comments-opened=\"1\" data-image-meta=\"{&quot;aperture&quot;:&quot;0&quot;,&quot;credit&quot;:&quot;&quot;,&quot;camera&quot;:&quot;&quot;,&quot;caption&quot;:&quot;&quot;,&quot;created_timestamp&quot;:&quot;0&quot;,&quot;copyright&quot;:&quot;&quot;,&quot;focal_length&quot;:&quot;0&quot;,&quot;iso&quot;:&quot;0&quot;,&quot;shutter_speed&quot;:&quot;0&quot;,&quot;title&quot;:&quot;&quot;,&quot;orientation&quot;:&quot;1&quot;}\" data-image-title=\"img_3657\" data-image-description=\"\" data-image-caption=\"&lt;p&gt;Le beffroi de Besse (autre face)&lt;\/p&gt;\n\" data-large-file=\"https:\/\/i0.wp.com\/www.mic-mat.fr\/randonnees\/wp-content\/uploads\/2018\/07\/img_3657.jpg?fit=768%2C1024&amp;ssl=1\" \/><\/a>\n\t\t\t<\/div>\n\t\t\t\t<figcaption class='wp-caption-text gallery-caption' id='gallery-1-1518'>\n\t\t\t\tLe beffroi de Besse (autre face)\n\t\t\t\t<\/figcaption><\/figure><figure class='gallery-item'>\n\t\t\t<div class='gallery-icon landscape'>\n\t\t\t\t<a href='https:\/\/www.mic-mat.fr\/randonnees\/img_3670\/'><img loading=\"lazy\" decoding=\"async\" width=\"150\" height=\"150\" src=\"https:\/\/i0.wp.com\/www.mic-mat.fr\/randonnees\/wp-content\/uploads\/2018\/07\/img_3670.jpg?resize=150%2C150&amp;ssl=1\" class=\"attachment-thumbnail size-thumbnail\" alt=\"\" aria-describedby=\"gallery-1-1514\" srcset=\"https:\/\/i0.wp.com\/www.mic-mat.fr\/randonnees\/wp-content\/uploads\/2018\/07\/img_3670.jpg?resize=150%2C150&amp;ssl=1 150w, https:\/\/i0.wp.com\/www.mic-mat.fr\/randonnees\/wp-content\/uploads\/2018\/07\/img_3670.jpg?zoom=2&amp;resize=150%2C150 300w, https:\/\/i0.wp.com\/www.mic-mat.fr\/randonnees\/wp-content\/uploads\/2018\/07\/img_3670.jpg?zoom=3&amp;resize=150%2C150 450w\" sizes=\"auto, (max-width: 150px) 85vw, 150px\" data-attachment-id=\"1514\" data-permalink=\"https:\/\/www.mic-mat.fr\/randonnees\/img_3670\/\" data-orig-file=\"https:\/\/i0.wp.com\/www.mic-mat.fr\/randonnees\/wp-content\/uploads\/2018\/07\/img_3670.jpg?fit=4032%2C3024&amp;ssl=1\" data-orig-size=\"4032,3024\" data-comments-opened=\"1\" data-image-meta=\"{&quot;aperture&quot;:&quot;0&quot;,&quot;credit&quot;:&quot;&quot;,&quot;camera&quot;:&quot;&quot;,&quot;caption&quot;:&quot;&quot;,&quot;created_timestamp&quot;:&quot;0&quot;,&quot;copyright&quot;:&quot;&quot;,&quot;focal_length&quot;:&quot;0&quot;,&quot;iso&quot;:&quot;0&quot;,&quot;shutter_speed&quot;:&quot;0&quot;,&quot;title&quot;:&quot;&quot;,&quot;orientation&quot;:&quot;1&quot;}\" data-image-title=\"img_3670\" data-image-description=\"\" data-image-caption=\"&lt;p&gt;La piscine de l\u2019h\u00f4tel et sa baln\u00e9o id\u00e9ale pour les pieds (\u00e0 droite)&lt;\/p&gt;\n\" data-large-file=\"https:\/\/i0.wp.com\/www.mic-mat.fr\/randonnees\/wp-content\/uploads\/2018\/07\/img_3670.jpg?fit=840%2C630&amp;ssl=1\" \/><\/a>\n\t\t\t<\/div>\n\t\t\t\t<figcaption class='wp-caption-text gallery-caption' id='gallery-1-1514'>\n\t\t\t\tLa piscine de l\u2019h\u00f4tel et sa baln\u00e9o id\u00e9ale pour les pieds (\u00e0 droite)\n\t\t\t\t<\/figcaption><\/figure><figure class='gallery-item'>\n\t\t\t<div class='gallery-icon portrait'>\n\t\t\t\t<a href='https:\/\/www.mic-mat.fr\/randonnees\/img_3703\/'><img loading=\"lazy\" decoding=\"async\" width=\"150\" height=\"150\" src=\"https:\/\/i0.wp.com\/www.mic-mat.fr\/randonnees\/wp-content\/uploads\/2018\/07\/img_3703.jpg?resize=150%2C150&amp;ssl=1\" class=\"attachment-thumbnail size-thumbnail\" alt=\"\" aria-describedby=\"gallery-1-1515\" srcset=\"https:\/\/i0.wp.com\/www.mic-mat.fr\/randonnees\/wp-content\/uploads\/2018\/07\/img_3703.jpg?resize=150%2C150&amp;ssl=1 150w, https:\/\/i0.wp.com\/www.mic-mat.fr\/randonnees\/wp-content\/uploads\/2018\/07\/img_3703.jpg?zoom=2&amp;resize=150%2C150 300w, https:\/\/i0.wp.com\/www.mic-mat.fr\/randonnees\/wp-content\/uploads\/2018\/07\/img_3703.jpg?zoom=3&amp;resize=150%2C150 450w\" sizes=\"auto, (max-width: 150px) 85vw, 150px\" data-attachment-id=\"1515\" data-permalink=\"https:\/\/www.mic-mat.fr\/randonnees\/img_3703\/\" data-orig-file=\"https:\/\/i0.wp.com\/www.mic-mat.fr\/randonnees\/wp-content\/uploads\/2018\/07\/img_3703.jpg?fit=3024%2C4032&amp;ssl=1\" data-orig-size=\"3024,4032\" data-comments-opened=\"1\" data-image-meta=\"{&quot;aperture&quot;:&quot;0&quot;,&quot;credit&quot;:&quot;&quot;,&quot;camera&quot;:&quot;&quot;,&quot;caption&quot;:&quot;&quot;,&quot;created_timestamp&quot;:&quot;0&quot;,&quot;copyright&quot;:&quot;&quot;,&quot;focal_length&quot;:&quot;0&quot;,&quot;iso&quot;:&quot;0&quot;,&quot;shutter_speed&quot;:&quot;0&quot;,&quot;title&quot;:&quot;&quot;,&quot;orientation&quot;:&quot;1&quot;}\" data-image-title=\"img_3703\" data-image-description=\"\" data-image-caption=\"&lt;p&gt;Il faut ressortir pour aller manger&amp;#8230; mais \u00e7a vaut le coup !&lt;\/p&gt;\n\" data-large-file=\"https:\/\/i0.wp.com\/www.mic-mat.fr\/randonnees\/wp-content\/uploads\/2018\/07\/img_3703.jpg?fit=768%2C1024&amp;ssl=1\" \/><\/a>\n\t\t\t<\/div>\n\t\t\t\t<figcaption class='wp-caption-text gallery-caption' id='gallery-1-1515'>\n\t\t\t\tIl faut ressortir pour aller manger&#8230; mais \u00e7a vaut le coup !\n\t\t\t\t<\/figcaption><\/figure>\n\t\t<\/div>\n\n","protected":false},"excerpt":{"rendered":"<p>Les photos du billet de J3 sont bien publi\u00e9es en bas de l&rsquo;article pr\u00e9c\u00e9dent ! Nous allons \u00e0 Besse-et-Sainte-Anastaise \u00ab\u00a0seulement\u00a0\u00bb aujourd&rsquo;hui, \u00e0 18 km, car les h\u00f4tels du lac de Pavin et de Compains sont d\u00e9j\u00e0 plein &#8211; merci au ma\u00eetre d&rsquo;h\u00f4tel (des Pins) qui nous a incit\u00e9s \u00e0 appeler hier soir&#8230; Nous prenons un &hellip; <a href=\"https:\/\/www.mic-mat.fr\/randonnees\/le-gr30-j4-de-murol-a-besse-et-sainte-anastaise\/\" class=\"more-link\">Continuer la lecture<span class=\"screen-reader-text\"> de &laquo;&nbsp;Le GR30 &#8211; J4 &#8211; De Murol \u00e0 Besse-et-Sainte-Anastaise&nbsp;&raquo;<\/span><\/a><\/p>\n","protected":false},"author":1,"featured_media":1512,"comment_status":"open","ping_status":"open","sticky":false,"template":"","format":"standard","meta":{"jetpack_post_was_ever_published":false,"_jetpack_newsletter_access":"","_jetpack_dont_email_post_to_subs":false,"_jetpack_newsletter_tier_id":0,"_jetpack_memberships_contains_paywalled_content":false,"_jetpack_memberships_contains_paid_content":false,"footnotes":"","jetpack_publicize_message":"","jetpack_publicize_feature_enabled":true,"jetpack_social_post_already_shared":true,"jetpack_social_options":{"image_generator_settings":{"template":"highway","default_image_id":0,"font":"","enabled":false},"version":2}},"categories":[2],"tags":[68,77,78,67,76],"class_list":["post-1467","post","type-post","status-publish","format-standard","has-post-thumbnail","hentry","category-gr30","tag-auvergne","tag-besse","tag-besse-et-sainte-anastaide","tag-gr30","tag-murol"],"jetpack_publicize_connections":[],"jetpack_featured_media_url":"https:\/\/i0.wp.com\/www.mic-mat.fr\/randonnees\/wp-content\/uploads\/2018\/07\/img_3610.jpg?fit=3682%2C5662&ssl=1","jetpack_shortlink":"https:\/\/wp.me\/pa2oYE-nF","jetpack_sharing_enabled":true,"_links":{"self":[{"href":"https:\/\/www.mic-mat.fr\/randonnees\/wp-json\/wp\/v2\/posts\/1467","targetHints":{"allow":["GET"]}}],"collection":[{"href":"https:\/\/www.mic-mat.fr\/randonnees\/wp-json\/wp\/v2\/posts"}],"about":[{"href":"https:\/\/www.mic-mat.fr\/randonnees\/wp-json\/wp\/v2\/types\/post"}],"author":[{"embeddable":true,"href":"https:\/\/www.mic-mat.fr\/randonnees\/wp-json\/wp\/v2\/users\/1"}],"replies":[{"embeddable":true,"href":"https:\/\/www.mic-mat.fr\/randonnees\/wp-json\/wp\/v2\/comments?post=1467"}],"version-history":[{"count":13,"href":"https:\/\/www.mic-mat.fr\/randonnees\/wp-json\/wp\/v2\/posts\/1467\/revisions"}],"predecessor-version":[{"id":1732,"href":"https:\/\/www.mic-mat.fr\/randonnees\/wp-json\/wp\/v2\/posts\/1467\/revisions\/1732"}],"wp:featuredmedia":[{"embeddable":true,"href":"https:\/\/www.mic-mat.fr\/randonnees\/wp-json\/wp\/v2\/media\/1512"}],"wp:attachment":[{"href":"https:\/\/www.mic-mat.fr\/randonnees\/wp-json\/wp\/v2\/media?parent=1467"}],"wp:term":[{"taxonomy":"category","embeddable":true,"href":"https:\/\/www.mic-mat.fr\/randonnees\/wp-json\/wp\/v2\/categories?post=1467"},{"taxonomy":"post_tag","embeddable":true,"href":"https:\/\/www.mic-mat.fr\/randonnees\/wp-json\/wp\/v2\/tags?post=1467"}],"curies":[{"name":"wp","href":"https:\/\/api.w.org\/{rel}","templated":true}]}}