{"id":1526,"date":"2018-07-09T23:05:01","date_gmt":"2018-07-09T21:05:01","guid":{"rendered":"http:\/\/www.mic-mat.fr\/randonnees\/?p=1526"},"modified":"2018-07-15T16:10:10","modified_gmt":"2018-07-15T14:10:10","slug":"le-gr30-j5-de-besse-et-sainte-anastaide-a-egliseneuve-dentraigues","status":"publish","type":"post","link":"https:\/\/www.mic-mat.fr\/randonnees\/le-gr30-j5-de-besse-et-sainte-anastaide-a-egliseneuve-dentraigues\/","title":{"rendered":"Le GR30 &#8211; J5 &#8211; De Besse-et-Sainte-Anastaide \u00e0 Egliseneuve-d\u2019Entraigues"},"content":{"rendered":"<p>Pour la premi\u00e8re fois, l&rsquo;h\u00f4tel ne propose pas le d\u00e9but du petit-d\u00e9jeuner \u00e0 8h mais \u00e0 7h30 ; \u00e7a tombe bien, c&rsquo;est une grande \u00e9tape qui nous attend aujourd&rsquo;hui !<\/p>\n<p>Nous commen\u00e7ons notre \u00e9tape vers 8h30. Rapidement nous sommes confront\u00e9s \u00e0 la probl\u00e9matique des \u00ab\u00a0panneaux qui mentent\u00a0\u00bb avec le lac Pavin annonc\u00e9 \u00e0 4 km, puis 5, puis 4,5, puis 3, puis 3,5&#8230; Ce lac est-il mobile ? Est-il mont\u00e9 sur des petites roulettes ?<\/p>\n<p>Nous finissons par y arriver \u00e0 10h, et \u00e0 prendre des photos depuis le Point Sublime. Nous suivons ensuite les marques de GR autour du lac avant de nous rendre compte apr\u00e8s 10 minutes de mont\u00e9e que nous suivons le GR4A et non plus le GR30. Nous faisons demi-tour et retrouvons la bonne route : mais 1 km de plus, \u00e7a n&rsquo;est pas grave quand on pr\u00e9voit d&rsquo;en faire plus que 30 ! (En fait, si).<\/p>\n<p>Nous n&rsquo;aurons donc vu le lac Pavin que d&rsquo;un seul point. C&rsquo;est presque une th\u00e9matique sur cette matin\u00e9e puisque juste apr\u00e8s nous voyons de loin le lac de Bourdouze, et nous passerons plus tard \u00e0 c\u00f4t\u00e9 du lac de Chaumiane sans le voir (le trac\u00e9 nous fait descendre sur la gauche avant de l&rsquo;atteindre).<\/p>\n<p>Entre ces deux derniers, nous faisons n\u00e9anmoins notre premi\u00e8re pause au lac de Montcineyre. Nous repartons en direction de Compains, qui est, si on croit les panneaux indicatifs, un village \u00e0 roulettes \u00e9galement.<\/p>\n<p>Juste avant, nous traversons le bois de Montcineyre puis celui de Chaumiane aux alentours de 12h. Il aurait d&rsquo;ailleurs suffi d&rsquo;ouvrir la bouche en marchant pour se faire un repas \u00e0 base d&rsquo;insectes volants (mais c&rsquo;est pas notre trip, on est plut\u00f4t saladi\u00e8re au thon, je ne sais pas si je vous en ai parl\u00e9 ?)<\/p>\n<p>Notre pause repas dure presque une heure, sous l&rsquo;\u00e9glise de Compains. Nous avons parcouru 15,2 km, ce qui est bien mais pas encore la moiti\u00e9&#8230; Pour nous donner du baume au c\u0153ur, nous repartons vers Brion en chantonnant : \u00ab\u00a0La Bourboule, La Bourboule, je veux la voir, et je l&rsquo;aurai\u00a0\u00bb ou autres chants de m\u00eame aloi.<\/p>\n<p>Motiv\u00e9s, nous traversons Brion sans faire de pause et allons directement \u00e0 La Godivelle, en suivant le trac\u00e9 qui nous fait passer sur des routes fleuries, sympathiques et avec peu de d\u00e9nivel\u00e9. Nous croisons deux randonneurs (n\u00e9erlandais ?) faisant aussi le GR30 &#8211; les premiers avec nous &#8211; et quelques VTT, comme hier.<\/p>\n<p>Cette fois \u00e0 La Godivelle (16h, 20 km, soit 12 restant au moins !), nous faisons une pause pour&#8230; manger 15g de Nutella, emprunt\u00e9 ce matin au buffet du petit-d\u00e9jeuner de l&rsquo;h\u00f4tel. Esp\u00e9rons que nous n&rsquo;aurons pas Interpol \u00e0 nos trousses \u00e0 cause de \u00e7a &#8211; mais c&rsquo;\u00e9tait bon.<\/p>\n<p>Micha\u00ebl va voir rapidement le lac d&rsquo;en bas, puis nous montons en direction de la fontaine, l&rsquo;\u00e9glise et le lac d&rsquo;en haut. Sur la route, l&rsquo;association Godiv&rsquo;art propose des sculptures ou panneaux \u00e0 \u00e9nigmes que nous ne prenons pas le temps de lire&#8230; Des agriculteurs roulent la paille. Les papillons butinent. Et nous on marche jusqu&rsquo;au caf\u00e9 de la poste d&rsquo;Espinchal, o\u00f9 nous commandons un Ch\u00e2teau Cola 2018 (grand cru) et un FautSecouerRapportALaPulpe de la m\u00eame ann\u00e9e. Fameux.<\/p>\n<p>La g\u00e9rante est tr\u00e8s sympathique, nous parle un peu du village, et nous incite \u00e0 venir nous installer ici quand elle conna\u00eet nos professions (au d\u00e9cours de la conversation, on ne randonne pas avec un st\u00e9thoscope autour du cou). Elle dit que Mathilde fait 25 ans, ce qui est assez commun\u00e9ment admis.<\/p>\n<p>D&rsquo;ailleurs, tous les Auvergnats que nous avons crois\u00e9s sont agr\u00e9ables, gentils, int\u00e9ress\u00e9s et bienveillants sur notre parcours de randonn\u00e9e. Et la plupart de ceux qui nous ont crois\u00e9s en v\u00e9lo, voiture, tracteur nous ont salu\u00e9. Le GR30 passe dans des villages vraiment tr\u00e8s accueillants !<\/p>\n<p>Nous quittons le village vers 18h, en direction d&rsquo;Egliseneuve-d&rsquo;Entraigues. A deux endroits, le chemin est boueux, nous obligeant tant\u00f4t \u00e0 nous enfoncer de 5 cm dans la vase, tant\u00f4t \u00e0 passer sur le c\u00f4t\u00e9 par-dessus un fil de fer barbel\u00e9&#8230; (pour les randonneurs qui nous liraient, il est possible de sortir du GR30 \u00e0 Redondel et suivre la route jusqu&rsquo;\u00e0 la ville d&rsquo;Egliseneuve-d&rsquo;Entraigues, puis aller y voir les cascades de Bois de Chaux et d&rsquo;Entraigues&#8230; une option \u00e0 envisager si le terrain est boueux).<\/p>\n<p>Bref, voil\u00e0 que je divulgue la fin du parcours : apr\u00e8s la boue, nous arrivons par le nord de notre destination, avec 2 tr\u00e8s belles cascades. Nous nous arr\u00eatons \u00e0 l&rsquo;h\u00f4tel La Providence, o\u00f9 nous avons une belle chambre \u00e0 nouveau !<\/p>\n<p>C&rsquo;\u00e9tait la plus grosse \u00e9tape de ce GR30 pour nous (36 km !), et nos pieds ne nous disent pas merci&#8230; Il va falloir leur promettre des vacances plus reposantes la prochaine fois si on veut qu&rsquo;ils ne fassent pas gr\u00e8ve les trois prochains jours !<\/p>\n<p><img data-recalc-dims=\"1\" loading=\"lazy\" decoding=\"async\" data-attachment-id=\"1575\" data-permalink=\"https:\/\/www.mic-mat.fr\/randonnees\/le-gr30-j5-de-besse-et-sainte-anastaide-a-egliseneuve-dentraigues\/img_3951\/\" data-orig-file=\"https:\/\/i0.wp.com\/www.mic-mat.fr\/randonnees\/wp-content\/uploads\/2018\/07\/img_3951.jpg?fit=750%2C673&amp;ssl=1\" data-orig-size=\"750,673\" data-comments-opened=\"1\" data-image-meta=\"{&quot;aperture&quot;:&quot;0&quot;,&quot;credit&quot;:&quot;&quot;,&quot;camera&quot;:&quot;&quot;,&quot;caption&quot;:&quot;&quot;,&quot;created_timestamp&quot;:&quot;0&quot;,&quot;copyright&quot;:&quot;&quot;,&quot;focal_length&quot;:&quot;0&quot;,&quot;iso&quot;:&quot;0&quot;,&quot;shutter_speed&quot;:&quot;0&quot;,&quot;title&quot;:&quot;&quot;,&quot;orientation&quot;:&quot;1&quot;}\" data-image-title=\"img_3951\" data-image-description=\"\" data-image-caption=\"\" data-large-file=\"https:\/\/i0.wp.com\/www.mic-mat.fr\/randonnees\/wp-content\/uploads\/2018\/07\/img_3951.jpg?fit=750%2C673&amp;ssl=1\" class=\"size-full wp-image-1575\" src=\"https:\/\/i0.wp.com\/www.mic-mat.fr\/randonnees\/wp-content\/uploads\/2018\/07\/img_3951.jpg?resize=750%2C673\" width=\"750\" height=\"673\" srcset=\"https:\/\/i0.wp.com\/www.mic-mat.fr\/randonnees\/wp-content\/uploads\/2018\/07\/img_3951.jpg?w=750&amp;ssl=1 750w, https:\/\/i0.wp.com\/www.mic-mat.fr\/randonnees\/wp-content\/uploads\/2018\/07\/img_3951.jpg?resize=300%2C269&amp;ssl=1 300w\" sizes=\"auto, (max-width: 709px) 85vw, (max-width: 909px) 67vw, (max-width: 984px) 61vw, (max-width: 1362px) 45vw, 600px\" \/><\/p>\n<p><img data-recalc-dims=\"1\" loading=\"lazy\" decoding=\"async\" data-attachment-id=\"1577\" data-permalink=\"https:\/\/www.mic-mat.fr\/randonnees\/le-gr30-j5-de-besse-et-sainte-anastaide-a-egliseneuve-dentraigues\/img_3948\/\" data-orig-file=\"https:\/\/i0.wp.com\/www.mic-mat.fr\/randonnees\/wp-content\/uploads\/2018\/07\/img_3948.jpg?fit=750%2C1293&amp;ssl=1\" data-orig-size=\"750,1293\" data-comments-opened=\"1\" data-image-meta=\"{&quot;aperture&quot;:&quot;0&quot;,&quot;credit&quot;:&quot;&quot;,&quot;camera&quot;:&quot;&quot;,&quot;caption&quot;:&quot;&quot;,&quot;created_timestamp&quot;:&quot;0&quot;,&quot;copyright&quot;:&quot;&quot;,&quot;focal_length&quot;:&quot;0&quot;,&quot;iso&quot;:&quot;0&quot;,&quot;shutter_speed&quot;:&quot;0&quot;,&quot;title&quot;:&quot;&quot;,&quot;orientation&quot;:&quot;1&quot;}\" data-image-title=\"img_3948\" data-image-description=\"\" data-image-caption=\"\" data-large-file=\"https:\/\/i0.wp.com\/www.mic-mat.fr\/randonnees\/wp-content\/uploads\/2018\/07\/img_3948.jpg?fit=594%2C1024&amp;ssl=1\" class=\"alignnone wp-image-1577 size-large\" src=\"https:\/\/i0.wp.com\/www.mic-mat.fr\/randonnees\/wp-content\/uploads\/2018\/07\/img_3948.jpg?resize=594%2C1024\" alt=\"\" width=\"594\" height=\"1024\" srcset=\"https:\/\/i0.wp.com\/www.mic-mat.fr\/randonnees\/wp-content\/uploads\/2018\/07\/img_3948.jpg?resize=594%2C1024&amp;ssl=1 594w, https:\/\/i0.wp.com\/www.mic-mat.fr\/randonnees\/wp-content\/uploads\/2018\/07\/img_3948.jpg?resize=174%2C300&amp;ssl=1 174w, https:\/\/i0.wp.com\/www.mic-mat.fr\/randonnees\/wp-content\/uploads\/2018\/07\/img_3948.jpg?w=750&amp;ssl=1 750w\" sizes=\"auto, (max-width: 594px) 85vw, 594px\" \/><\/p>\n<p><img data-recalc-dims=\"1\" loading=\"lazy\" decoding=\"async\" data-attachment-id=\"1576\" data-permalink=\"https:\/\/www.mic-mat.fr\/randonnees\/le-gr30-j5-de-besse-et-sainte-anastaide-a-egliseneuve-dentraigues\/img_3950\/\" data-orig-file=\"https:\/\/i0.wp.com\/www.mic-mat.fr\/randonnees\/wp-content\/uploads\/2018\/07\/img_3950.jpg?fit=750%2C1334&amp;ssl=1\" data-orig-size=\"750,1334\" data-comments-opened=\"1\" data-image-meta=\"{&quot;aperture&quot;:&quot;0&quot;,&quot;credit&quot;:&quot;&quot;,&quot;camera&quot;:&quot;&quot;,&quot;caption&quot;:&quot;&quot;,&quot;created_timestamp&quot;:&quot;0&quot;,&quot;copyright&quot;:&quot;&quot;,&quot;focal_length&quot;:&quot;0&quot;,&quot;iso&quot;:&quot;0&quot;,&quot;shutter_speed&quot;:&quot;0&quot;,&quot;title&quot;:&quot;&quot;,&quot;orientation&quot;:&quot;1&quot;}\" data-image-title=\"img_3950\" data-image-description=\"\" data-image-caption=\"\" data-large-file=\"https:\/\/i0.wp.com\/www.mic-mat.fr\/randonnees\/wp-content\/uploads\/2018\/07\/img_3950.jpg?fit=576%2C1024&amp;ssl=1\" class=\"alignnone wp-image-1576 size-large\" src=\"https:\/\/i0.wp.com\/www.mic-mat.fr\/randonnees\/wp-content\/uploads\/2018\/07\/img_3950.jpg?resize=576%2C1024\" alt=\"\" width=\"576\" height=\"1024\" srcset=\"https:\/\/i0.wp.com\/www.mic-mat.fr\/randonnees\/wp-content\/uploads\/2018\/07\/img_3950.jpg?resize=576%2C1024&amp;ssl=1 576w, https:\/\/i0.wp.com\/www.mic-mat.fr\/randonnees\/wp-content\/uploads\/2018\/07\/img_3950.jpg?resize=169%2C300&amp;ssl=1 169w, https:\/\/i0.wp.com\/www.mic-mat.fr\/randonnees\/wp-content\/uploads\/2018\/07\/img_3950.jpg?w=750&amp;ssl=1 750w\" sizes=\"auto, (max-width: 576px) 85vw, 576px\" \/><\/p>\n<p><em>Comme d&rsquo;habitude : trac\u00e9 bleu ciel = jours pr\u00e9c\u00e9dents ; trac\u00e9 rouge = ce jour ; trac\u00e9 bleu fonc\u00e9 = ce qui reste.<\/em><\/p>\n<p><em><img data-recalc-dims=\"1\" loading=\"lazy\" decoding=\"async\" data-attachment-id=\"1578\" data-permalink=\"https:\/\/www.mic-mat.fr\/randonnees\/le-gr30-j5-de-besse-et-sainte-anastaide-a-egliseneuve-dentraigues\/img_3981\/\" data-orig-file=\"https:\/\/i0.wp.com\/www.mic-mat.fr\/randonnees\/wp-content\/uploads\/2018\/07\/img_3981.jpg?fit=750%2C233&amp;ssl=1\" data-orig-size=\"750,233\" data-comments-opened=\"1\" data-image-meta=\"{&quot;aperture&quot;:&quot;0&quot;,&quot;credit&quot;:&quot;&quot;,&quot;camera&quot;:&quot;&quot;,&quot;caption&quot;:&quot;&quot;,&quot;created_timestamp&quot;:&quot;0&quot;,&quot;copyright&quot;:&quot;&quot;,&quot;focal_length&quot;:&quot;0&quot;,&quot;iso&quot;:&quot;0&quot;,&quot;shutter_speed&quot;:&quot;0&quot;,&quot;title&quot;:&quot;&quot;,&quot;orientation&quot;:&quot;1&quot;}\" data-image-title=\"img_3981\" data-image-description=\"\" data-image-caption=\"\" data-large-file=\"https:\/\/i0.wp.com\/www.mic-mat.fr\/randonnees\/wp-content\/uploads\/2018\/07\/img_3981.jpg?fit=750%2C233&amp;ssl=1\" class=\"size-full wp-image-1578\" src=\"https:\/\/i0.wp.com\/www.mic-mat.fr\/randonnees\/wp-content\/uploads\/2018\/07\/img_3981.jpg?resize=750%2C233\" width=\"750\" height=\"233\" srcset=\"https:\/\/i0.wp.com\/www.mic-mat.fr\/randonnees\/wp-content\/uploads\/2018\/07\/img_3981.jpg?w=750&amp;ssl=1 750w, https:\/\/i0.wp.com\/www.mic-mat.fr\/randonnees\/wp-content\/uploads\/2018\/07\/img_3981.jpg?resize=300%2C93&amp;ssl=1 300w\" sizes=\"auto, (max-width: 709px) 85vw, (max-width: 909px) 67vw, (max-width: 984px) 61vw, (max-width: 1362px) 45vw, 600px\" \/><\/em><\/p>\n<p><em>125 km parcourus (et 4388 m de d\u00e9nivel\u00e9 positif) ; 74 km restent (et 2266 m de d\u00e9nivel\u00e9 positif). Cette appli est super, n&rsquo;est-ce pas ? \ud83d\ude09<\/em><\/p>\n<p><em>Au total, randonn\u00e9e de 8h27 \u00e0 20h04 (11h37 dont 8h09 de marche effective et 3h28 de pauses &#8211; pauses photos et autres mini-arr\u00eats inclus). Selon le guide, 32,5 km en 9h10.<\/em><\/p>\n<div data-carousel-extra='{&quot;blog_id&quot;:1,&quot;permalink&quot;:&quot;https:\/\/www.mic-mat.fr\/randonnees\/le-gr30-j5-de-besse-et-sainte-anastaide-a-egliseneuve-dentraigues\/&quot;}' id='gallery-1' class='gallery galleryid-1526 gallery-columns-3 gallery-size-thumbnail'><figure class='gallery-item'>\n\t\t\t<div class='gallery-icon landscape'>\n\t\t\t\t<a href='https:\/\/www.mic-mat.fr\/randonnees\/img_3706\/'><img loading=\"lazy\" decoding=\"async\" width=\"150\" height=\"150\" src=\"https:\/\/i0.wp.com\/www.mic-mat.fr\/randonnees\/wp-content\/uploads\/2018\/07\/img_3706.jpg?resize=150%2C150&amp;ssl=1\" class=\"attachment-thumbnail size-thumbnail\" alt=\"\" aria-describedby=\"gallery-1-1527\" srcset=\"https:\/\/i0.wp.com\/www.mic-mat.fr\/randonnees\/wp-content\/uploads\/2018\/07\/img_3706.jpg?resize=150%2C150&amp;ssl=1 150w, https:\/\/i0.wp.com\/www.mic-mat.fr\/randonnees\/wp-content\/uploads\/2018\/07\/img_3706.jpg?zoom=2&amp;resize=150%2C150 300w, https:\/\/i0.wp.com\/www.mic-mat.fr\/randonnees\/wp-content\/uploads\/2018\/07\/img_3706.jpg?zoom=3&amp;resize=150%2C150 450w\" sizes=\"auto, (max-width: 150px) 85vw, 150px\" data-attachment-id=\"1527\" data-permalink=\"https:\/\/www.mic-mat.fr\/randonnees\/img_3706\/\" data-orig-file=\"https:\/\/i0.wp.com\/www.mic-mat.fr\/randonnees\/wp-content\/uploads\/2018\/07\/img_3706.jpg?fit=4032%2C3024&amp;ssl=1\" data-orig-size=\"4032,3024\" data-comments-opened=\"1\" data-image-meta=\"{&quot;aperture&quot;:&quot;0&quot;,&quot;credit&quot;:&quot;&quot;,&quot;camera&quot;:&quot;&quot;,&quot;caption&quot;:&quot;&quot;,&quot;created_timestamp&quot;:&quot;0&quot;,&quot;copyright&quot;:&quot;&quot;,&quot;focal_length&quot;:&quot;0&quot;,&quot;iso&quot;:&quot;0&quot;,&quot;shutter_speed&quot;:&quot;0&quot;,&quot;title&quot;:&quot;&quot;,&quot;orientation&quot;:&quot;1&quot;}\" data-image-title=\"img_3706\" data-image-description=\"\" data-image-caption=\"&lt;p&gt;Nous quittons Besse-et-Sainte-Anastaise sous un soleil radieux et encore bas&lt;\/p&gt;\n\" data-large-file=\"https:\/\/i0.wp.com\/www.mic-mat.fr\/randonnees\/wp-content\/uploads\/2018\/07\/img_3706.jpg?fit=840%2C630&amp;ssl=1\" \/><\/a>\n\t\t\t<\/div>\n\t\t\t\t<figcaption class='wp-caption-text gallery-caption' id='gallery-1-1527'>\n\t\t\t\tNous quittons Besse-et-Sainte-Anastaise sous un soleil radieux et encore bas\n\t\t\t\t<\/figcaption><\/figure><figure class='gallery-item'>\n\t\t\t<div class='gallery-icon portrait'>\n\t\t\t\t<a href='https:\/\/www.mic-mat.fr\/randonnees\/img_3711\/'><img loading=\"lazy\" decoding=\"async\" width=\"150\" height=\"150\" src=\"https:\/\/i0.wp.com\/www.mic-mat.fr\/randonnees\/wp-content\/uploads\/2018\/07\/img_3711.jpg?resize=150%2C150&amp;ssl=1\" class=\"attachment-thumbnail size-thumbnail\" alt=\"\" aria-describedby=\"gallery-1-1528\" srcset=\"https:\/\/i0.wp.com\/www.mic-mat.fr\/randonnees\/wp-content\/uploads\/2018\/07\/img_3711.jpg?resize=150%2C150&amp;ssl=1 150w, https:\/\/i0.wp.com\/www.mic-mat.fr\/randonnees\/wp-content\/uploads\/2018\/07\/img_3711.jpg?zoom=2&amp;resize=150%2C150 300w, https:\/\/i0.wp.com\/www.mic-mat.fr\/randonnees\/wp-content\/uploads\/2018\/07\/img_3711.jpg?zoom=3&amp;resize=150%2C150 450w\" sizes=\"auto, (max-width: 150px) 85vw, 150px\" data-attachment-id=\"1528\" data-permalink=\"https:\/\/www.mic-mat.fr\/randonnees\/img_3711\/\" data-orig-file=\"https:\/\/i0.wp.com\/www.mic-mat.fr\/randonnees\/wp-content\/uploads\/2018\/07\/img_3711.jpg?fit=3024%2C4032&amp;ssl=1\" data-orig-size=\"3024,4032\" data-comments-opened=\"1\" data-image-meta=\"{&quot;aperture&quot;:&quot;0&quot;,&quot;credit&quot;:&quot;&quot;,&quot;camera&quot;:&quot;&quot;,&quot;caption&quot;:&quot;&quot;,&quot;created_timestamp&quot;:&quot;0&quot;,&quot;copyright&quot;:&quot;&quot;,&quot;focal_length&quot;:&quot;0&quot;,&quot;iso&quot;:&quot;0&quot;,&quot;shutter_speed&quot;:&quot;0&quot;,&quot;title&quot;:&quot;&quot;,&quot;orientation&quot;:&quot;1&quot;}\" data-image-title=\"img_3711\" data-image-description=\"\" data-image-caption=\"&lt;p&gt;Apr\u00e8s la Cascade des Mortes, la Croix du Pendu. Vivement le Petit Bois des 1000 Fant\u00f4mes.&lt;\/p&gt;\n\" data-large-file=\"https:\/\/i0.wp.com\/www.mic-mat.fr\/randonnees\/wp-content\/uploads\/2018\/07\/img_3711.jpg?fit=768%2C1024&amp;ssl=1\" \/><\/a>\n\t\t\t<\/div>\n\t\t\t\t<figcaption class='wp-caption-text gallery-caption' id='gallery-1-1528'>\n\t\t\t\tApr\u00e8s la Cascade des Mortes, la Croix du Pendu. Vivement le Petit Bois des 1000 Fant\u00f4mes.\n\t\t\t\t<\/figcaption><\/figure><figure class='gallery-item'>\n\t\t\t<div class='gallery-icon landscape'>\n\t\t\t\t<a href='https:\/\/www.mic-mat.fr\/randonnees\/img_3717\/'><img loading=\"lazy\" decoding=\"async\" width=\"150\" height=\"150\" src=\"https:\/\/i0.wp.com\/www.mic-mat.fr\/randonnees\/wp-content\/uploads\/2018\/07\/img_3717.jpg?resize=150%2C150&amp;ssl=1\" class=\"attachment-thumbnail size-thumbnail\" alt=\"\" aria-describedby=\"gallery-1-1529\" srcset=\"https:\/\/i0.wp.com\/www.mic-mat.fr\/randonnees\/wp-content\/uploads\/2018\/07\/img_3717.jpg?resize=150%2C150&amp;ssl=1 150w, https:\/\/i0.wp.com\/www.mic-mat.fr\/randonnees\/wp-content\/uploads\/2018\/07\/img_3717.jpg?zoom=2&amp;resize=150%2C150 300w, https:\/\/i0.wp.com\/www.mic-mat.fr\/randonnees\/wp-content\/uploads\/2018\/07\/img_3717.jpg?zoom=3&amp;resize=150%2C150 450w\" sizes=\"auto, (max-width: 150px) 85vw, 150px\" data-attachment-id=\"1529\" data-permalink=\"https:\/\/www.mic-mat.fr\/randonnees\/img_3717\/\" data-orig-file=\"https:\/\/i0.wp.com\/www.mic-mat.fr\/randonnees\/wp-content\/uploads\/2018\/07\/img_3717.jpg?fit=7286%2C3820&amp;ssl=1\" data-orig-size=\"7286,3820\" data-comments-opened=\"1\" data-image-meta=\"{&quot;aperture&quot;:&quot;0&quot;,&quot;credit&quot;:&quot;&quot;,&quot;camera&quot;:&quot;&quot;,&quot;caption&quot;:&quot;&quot;,&quot;created_timestamp&quot;:&quot;0&quot;,&quot;copyright&quot;:&quot;&quot;,&quot;focal_length&quot;:&quot;0&quot;,&quot;iso&quot;:&quot;0&quot;,&quot;shutter_speed&quot;:&quot;0&quot;,&quot;title&quot;:&quot;&quot;,&quot;orientation&quot;:&quot;1&quot;}\" data-image-title=\"img_3717\" data-image-description=\"\" data-image-caption=\"&lt;p&gt;Vue sur Besse-en-Chandesse (9h)&lt;\/p&gt;\n\" data-large-file=\"https:\/\/i0.wp.com\/www.mic-mat.fr\/randonnees\/wp-content\/uploads\/2018\/07\/img_3717.jpg?fit=840%2C441&amp;ssl=1\" \/><\/a>\n\t\t\t<\/div>\n\t\t\t\t<figcaption class='wp-caption-text gallery-caption' id='gallery-1-1529'>\n\t\t\t\tVue sur Besse-en-Chandesse (9h)\n\t\t\t\t<\/figcaption><\/figure><figure class='gallery-item'>\n\t\t\t<div class='gallery-icon landscape'>\n\t\t\t\t<a href='https:\/\/www.mic-mat.fr\/randonnees\/img_3723\/'><img loading=\"lazy\" decoding=\"async\" width=\"150\" height=\"150\" src=\"https:\/\/i0.wp.com\/www.mic-mat.fr\/randonnees\/wp-content\/uploads\/2018\/07\/img_3723.jpg?resize=150%2C150&amp;ssl=1\" class=\"attachment-thumbnail size-thumbnail\" alt=\"\" aria-describedby=\"gallery-1-1530\" srcset=\"https:\/\/i0.wp.com\/www.mic-mat.fr\/randonnees\/wp-content\/uploads\/2018\/07\/img_3723.jpg?resize=150%2C150&amp;ssl=1 150w, https:\/\/i0.wp.com\/www.mic-mat.fr\/randonnees\/wp-content\/uploads\/2018\/07\/img_3723.jpg?zoom=2&amp;resize=150%2C150 300w, https:\/\/i0.wp.com\/www.mic-mat.fr\/randonnees\/wp-content\/uploads\/2018\/07\/img_3723.jpg?zoom=3&amp;resize=150%2C150 450w\" sizes=\"auto, (max-width: 150px) 85vw, 150px\" data-attachment-id=\"1530\" data-permalink=\"https:\/\/www.mic-mat.fr\/randonnees\/img_3723\/\" data-orig-file=\"https:\/\/i0.wp.com\/www.mic-mat.fr\/randonnees\/wp-content\/uploads\/2018\/07\/img_3723.jpg?fit=4032%2C3024&amp;ssl=1\" data-orig-size=\"4032,3024\" data-comments-opened=\"1\" data-image-meta=\"{&quot;aperture&quot;:&quot;0&quot;,&quot;credit&quot;:&quot;&quot;,&quot;camera&quot;:&quot;&quot;,&quot;caption&quot;:&quot;&quot;,&quot;created_timestamp&quot;:&quot;0&quot;,&quot;copyright&quot;:&quot;&quot;,&quot;focal_length&quot;:&quot;0&quot;,&quot;iso&quot;:&quot;0&quot;,&quot;shutter_speed&quot;:&quot;0&quot;,&quot;title&quot;:&quot;&quot;,&quot;orientation&quot;:&quot;1&quot;}\" data-image-title=\"img_3723\" data-image-description=\"\" data-image-caption=\"&lt;p&gt;\u0152uvre temporaire Lunar Trash d\u2019Olivier Thomas (Horizons &amp;#8211; Arts-Nature en Sancy), sur le lac d\u2019Estivadoux (tourbi\u00e8re en formation).&lt;\/p&gt;\n\" data-large-file=\"https:\/\/i0.wp.com\/www.mic-mat.fr\/randonnees\/wp-content\/uploads\/2018\/07\/img_3723.jpg?fit=840%2C630&amp;ssl=1\" \/><\/a>\n\t\t\t<\/div>\n\t\t\t\t<figcaption class='wp-caption-text gallery-caption' id='gallery-1-1530'>\n\t\t\t\t\u0152uvre temporaire Lunar Trash d\u2019Olivier Thomas (Horizons &#8211; Arts-Nature en Sancy), sur le lac d\u2019Estivadoux (tourbi\u00e8re en formation).\n\t\t\t\t<\/figcaption><\/figure><figure class='gallery-item'>\n\t\t\t<div class='gallery-icon portrait'>\n\t\t\t\t<a href='https:\/\/www.mic-mat.fr\/randonnees\/img_3727\/'><img loading=\"lazy\" decoding=\"async\" width=\"150\" height=\"150\" src=\"https:\/\/i0.wp.com\/www.mic-mat.fr\/randonnees\/wp-content\/uploads\/2018\/07\/img_3727.jpg?resize=150%2C150&amp;ssl=1\" class=\"attachment-thumbnail size-thumbnail\" alt=\"\" aria-describedby=\"gallery-1-1531\" srcset=\"https:\/\/i0.wp.com\/www.mic-mat.fr\/randonnees\/wp-content\/uploads\/2018\/07\/img_3727.jpg?resize=150%2C150&amp;ssl=1 150w, https:\/\/i0.wp.com\/www.mic-mat.fr\/randonnees\/wp-content\/uploads\/2018\/07\/img_3727.jpg?zoom=2&amp;resize=150%2C150 300w, https:\/\/i0.wp.com\/www.mic-mat.fr\/randonnees\/wp-content\/uploads\/2018\/07\/img_3727.jpg?zoom=3&amp;resize=150%2C150 450w\" sizes=\"auto, (max-width: 150px) 85vw, 150px\" data-attachment-id=\"1531\" data-permalink=\"https:\/\/www.mic-mat.fr\/randonnees\/img_3727\/\" data-orig-file=\"https:\/\/i0.wp.com\/www.mic-mat.fr\/randonnees\/wp-content\/uploads\/2018\/07\/img_3727.jpg?fit=3024%2C4032&amp;ssl=1\" data-orig-size=\"3024,4032\" data-comments-opened=\"1\" data-image-meta=\"{&quot;aperture&quot;:&quot;0&quot;,&quot;credit&quot;:&quot;&quot;,&quot;camera&quot;:&quot;&quot;,&quot;caption&quot;:&quot;&quot;,&quot;created_timestamp&quot;:&quot;0&quot;,&quot;copyright&quot;:&quot;&quot;,&quot;focal_length&quot;:&quot;0&quot;,&quot;iso&quot;:&quot;0&quot;,&quot;shutter_speed&quot;:&quot;0&quot;,&quot;title&quot;:&quot;&quot;,&quot;orientation&quot;:&quot;1&quot;}\" data-image-title=\"img_3727\" data-image-description=\"\" data-image-caption=\"&lt;p&gt;Pendant ce temps, Dark et Darkette Vador s\u2019affrontent au b\u00e2ton-laser&lt;\/p&gt;\n\" data-large-file=\"https:\/\/i0.wp.com\/www.mic-mat.fr\/randonnees\/wp-content\/uploads\/2018\/07\/img_3727.jpg?fit=768%2C1024&amp;ssl=1\" \/><\/a>\n\t\t\t<\/div>\n\t\t\t\t<figcaption class='wp-caption-text gallery-caption' id='gallery-1-1531'>\n\t\t\t\tPendant ce temps, Dark et Darkette Vador s\u2019affrontent au b\u00e2ton-laser\n\t\t\t\t<\/figcaption><\/figure><figure class='gallery-item'>\n\t\t\t<div class='gallery-icon portrait'>\n\t\t\t\t<a href='https:\/\/www.mic-mat.fr\/randonnees\/img_3733\/'><img loading=\"lazy\" decoding=\"async\" width=\"150\" height=\"150\" src=\"https:\/\/i0.wp.com\/www.mic-mat.fr\/randonnees\/wp-content\/uploads\/2018\/07\/img_3733.jpg?resize=150%2C150&amp;ssl=1\" class=\"attachment-thumbnail size-thumbnail\" alt=\"\" aria-describedby=\"gallery-1-1532\" srcset=\"https:\/\/i0.wp.com\/www.mic-mat.fr\/randonnees\/wp-content\/uploads\/2018\/07\/img_3733.jpg?resize=150%2C150&amp;ssl=1 150w, https:\/\/i0.wp.com\/www.mic-mat.fr\/randonnees\/wp-content\/uploads\/2018\/07\/img_3733.jpg?zoom=2&amp;resize=150%2C150 300w, https:\/\/i0.wp.com\/www.mic-mat.fr\/randonnees\/wp-content\/uploads\/2018\/07\/img_3733.jpg?zoom=3&amp;resize=150%2C150 450w\" sizes=\"auto, (max-width: 150px) 85vw, 150px\" data-attachment-id=\"1532\" data-permalink=\"https:\/\/www.mic-mat.fr\/randonnees\/img_3733\/\" data-orig-file=\"https:\/\/i0.wp.com\/www.mic-mat.fr\/randonnees\/wp-content\/uploads\/2018\/07\/img_3733.jpg?fit=3628%2C7162&amp;ssl=1\" data-orig-size=\"3628,7162\" data-comments-opened=\"1\" data-image-meta=\"{&quot;aperture&quot;:&quot;0&quot;,&quot;credit&quot;:&quot;&quot;,&quot;camera&quot;:&quot;&quot;,&quot;caption&quot;:&quot;&quot;,&quot;created_timestamp&quot;:&quot;0&quot;,&quot;copyright&quot;:&quot;&quot;,&quot;focal_length&quot;:&quot;0&quot;,&quot;iso&quot;:&quot;0&quot;,&quot;shutter_speed&quot;:&quot;0&quot;,&quot;title&quot;:&quot;&quot;,&quot;orientation&quot;:&quot;1&quot;}\" data-image-title=\"img_3733\" data-image-description=\"\" data-image-caption=\"&lt;p&gt;Lac de Pavin, plus jeune crat\u00e8re de France. Nous le voyons juste d\u2019en haut&amp;#8230;&lt;\/p&gt;\n\" data-large-file=\"https:\/\/i0.wp.com\/www.mic-mat.fr\/randonnees\/wp-content\/uploads\/2018\/07\/img_3733.jpg?fit=519%2C1024&amp;ssl=1\" \/><\/a>\n\t\t\t<\/div>\n\t\t\t\t<figcaption class='wp-caption-text gallery-caption' id='gallery-1-1532'>\n\t\t\t\tLac de Pavin, plus jeune crat\u00e8re de France. Nous le voyons juste d\u2019en haut&#8230;\n\t\t\t\t<\/figcaption><\/figure><figure class='gallery-item'>\n\t\t\t<div class='gallery-icon landscape'>\n\t\t\t\t<a href='https:\/\/www.mic-mat.fr\/randonnees\/img_3744\/'><img loading=\"lazy\" decoding=\"async\" width=\"150\" height=\"150\" src=\"https:\/\/i0.wp.com\/www.mic-mat.fr\/randonnees\/wp-content\/uploads\/2018\/07\/img_3744.jpg?resize=150%2C150&amp;ssl=1\" class=\"attachment-thumbnail size-thumbnail\" alt=\"\" aria-describedby=\"gallery-1-1533\" srcset=\"https:\/\/i0.wp.com\/www.mic-mat.fr\/randonnees\/wp-content\/uploads\/2018\/07\/img_3744.jpg?resize=150%2C150&amp;ssl=1 150w, https:\/\/i0.wp.com\/www.mic-mat.fr\/randonnees\/wp-content\/uploads\/2018\/07\/img_3744.jpg?zoom=2&amp;resize=150%2C150 300w, https:\/\/i0.wp.com\/www.mic-mat.fr\/randonnees\/wp-content\/uploads\/2018\/07\/img_3744.jpg?zoom=3&amp;resize=150%2C150 450w\" sizes=\"auto, (max-width: 150px) 85vw, 150px\" data-attachment-id=\"1533\" data-permalink=\"https:\/\/www.mic-mat.fr\/randonnees\/img_3744\/\" data-orig-file=\"https:\/\/i0.wp.com\/www.mic-mat.fr\/randonnees\/wp-content\/uploads\/2018\/07\/img_3744.jpg?fit=4032%2C3024&amp;ssl=1\" data-orig-size=\"4032,3024\" data-comments-opened=\"1\" data-image-meta=\"{&quot;aperture&quot;:&quot;0&quot;,&quot;credit&quot;:&quot;&quot;,&quot;camera&quot;:&quot;&quot;,&quot;caption&quot;:&quot;&quot;,&quot;created_timestamp&quot;:&quot;0&quot;,&quot;copyright&quot;:&quot;&quot;,&quot;focal_length&quot;:&quot;0&quot;,&quot;iso&quot;:&quot;0&quot;,&quot;shutter_speed&quot;:&quot;0&quot;,&quot;title&quot;:&quot;&quot;,&quot;orientation&quot;:&quot;1&quot;}\" data-image-title=\"img_3744\" data-image-description=\"\" data-image-caption=\"&lt;p&gt;Lac de Bourdouze&amp;#8230; Celui-ci nous le voyons de loin (th\u00e9matique du jour : les lacs mais pas trop pr\u00e8s).&lt;\/p&gt;\n\" data-large-file=\"https:\/\/i0.wp.com\/www.mic-mat.fr\/randonnees\/wp-content\/uploads\/2018\/07\/img_3744.jpg?fit=840%2C630&amp;ssl=1\" \/><\/a>\n\t\t\t<\/div>\n\t\t\t\t<figcaption class='wp-caption-text gallery-caption' id='gallery-1-1533'>\n\t\t\t\tLac de Bourdouze&#8230; Celui-ci nous le voyons de loin (th\u00e9matique du jour : les lacs mais pas trop pr\u00e8s).\n\t\t\t\t<\/figcaption><\/figure><figure class='gallery-item'>\n\t\t\t<div class='gallery-icon landscape'>\n\t\t\t\t<a href='https:\/\/www.mic-mat.fr\/randonnees\/img_3756\/'><img loading=\"lazy\" decoding=\"async\" width=\"150\" height=\"150\" src=\"https:\/\/i0.wp.com\/www.mic-mat.fr\/randonnees\/wp-content\/uploads\/2018\/07\/img_3756.jpg?resize=150%2C150&amp;ssl=1\" class=\"attachment-thumbnail size-thumbnail\" alt=\"\" aria-describedby=\"gallery-1-1534\" srcset=\"https:\/\/i0.wp.com\/www.mic-mat.fr\/randonnees\/wp-content\/uploads\/2018\/07\/img_3756.jpg?resize=150%2C150&amp;ssl=1 150w, https:\/\/i0.wp.com\/www.mic-mat.fr\/randonnees\/wp-content\/uploads\/2018\/07\/img_3756.jpg?zoom=2&amp;resize=150%2C150 300w, https:\/\/i0.wp.com\/www.mic-mat.fr\/randonnees\/wp-content\/uploads\/2018\/07\/img_3756.jpg?zoom=3&amp;resize=150%2C150 450w\" sizes=\"auto, (max-width: 150px) 85vw, 150px\" data-attachment-id=\"1534\" data-permalink=\"https:\/\/www.mic-mat.fr\/randonnees\/img_3756\/\" data-orig-file=\"https:\/\/i0.wp.com\/www.mic-mat.fr\/randonnees\/wp-content\/uploads\/2018\/07\/img_3756.jpg?fit=4032%2C3024&amp;ssl=1\" data-orig-size=\"4032,3024\" data-comments-opened=\"1\" data-image-meta=\"{&quot;aperture&quot;:&quot;0&quot;,&quot;credit&quot;:&quot;&quot;,&quot;camera&quot;:&quot;&quot;,&quot;caption&quot;:&quot;&quot;,&quot;created_timestamp&quot;:&quot;0&quot;,&quot;copyright&quot;:&quot;&quot;,&quot;focal_length&quot;:&quot;0&quot;,&quot;iso&quot;:&quot;0&quot;,&quot;shutter_speed&quot;:&quot;0&quot;,&quot;title&quot;:&quot;&quot;,&quot;orientation&quot;:&quot;1&quot;}\" data-image-title=\"img_3756\" data-image-description=\"\" data-image-caption=\"&lt;p&gt;Un \u00e9tang (ou petit lac)&lt;\/p&gt;\n\" data-large-file=\"https:\/\/i0.wp.com\/www.mic-mat.fr\/randonnees\/wp-content\/uploads\/2018\/07\/img_3756.jpg?fit=840%2C630&amp;ssl=1\" \/><\/a>\n\t\t\t<\/div>\n\t\t\t\t<figcaption class='wp-caption-text gallery-caption' id='gallery-1-1534'>\n\t\t\t\tUn \u00e9tang (ou petit lac)\n\t\t\t\t<\/figcaption><\/figure><figure class='gallery-item'>\n\t\t\t<div class='gallery-icon landscape'>\n\t\t\t\t<a href='https:\/\/www.mic-mat.fr\/randonnees\/img_3753\/'><img loading=\"lazy\" decoding=\"async\" width=\"150\" height=\"150\" src=\"https:\/\/i0.wp.com\/www.mic-mat.fr\/randonnees\/wp-content\/uploads\/2018\/07\/img_3753.jpg?resize=150%2C150&amp;ssl=1\" class=\"attachment-thumbnail size-thumbnail\" alt=\"\" aria-describedby=\"gallery-1-1535\" srcset=\"https:\/\/i0.wp.com\/www.mic-mat.fr\/randonnees\/wp-content\/uploads\/2018\/07\/img_3753.jpg?resize=150%2C150&amp;ssl=1 150w, https:\/\/i0.wp.com\/www.mic-mat.fr\/randonnees\/wp-content\/uploads\/2018\/07\/img_3753.jpg?zoom=2&amp;resize=150%2C150 300w, https:\/\/i0.wp.com\/www.mic-mat.fr\/randonnees\/wp-content\/uploads\/2018\/07\/img_3753.jpg?zoom=3&amp;resize=150%2C150 450w\" sizes=\"auto, (max-width: 150px) 85vw, 150px\" data-attachment-id=\"1535\" data-permalink=\"https:\/\/www.mic-mat.fr\/randonnees\/img_3753\/\" data-orig-file=\"https:\/\/i0.wp.com\/www.mic-mat.fr\/randonnees\/wp-content\/uploads\/2018\/07\/img_3753.jpg?fit=4032%2C3024&amp;ssl=1\" data-orig-size=\"4032,3024\" data-comments-opened=\"1\" data-image-meta=\"{&quot;aperture&quot;:&quot;0&quot;,&quot;credit&quot;:&quot;&quot;,&quot;camera&quot;:&quot;&quot;,&quot;caption&quot;:&quot;&quot;,&quot;created_timestamp&quot;:&quot;0&quot;,&quot;copyright&quot;:&quot;&quot;,&quot;focal_length&quot;:&quot;0&quot;,&quot;iso&quot;:&quot;0&quot;,&quot;shutter_speed&quot;:&quot;0&quot;,&quot;title&quot;:&quot;&quot;,&quot;orientation&quot;:&quot;1&quot;}\" data-image-title=\"img_3753\" data-image-description=\"\" data-image-caption=\"&lt;p&gt;Un cours d\u2019eau (ou petit fleuve)&lt;\/p&gt;\n\" data-large-file=\"https:\/\/i0.wp.com\/www.mic-mat.fr\/randonnees\/wp-content\/uploads\/2018\/07\/img_3753.jpg?fit=840%2C630&amp;ssl=1\" \/><\/a>\n\t\t\t<\/div>\n\t\t\t\t<figcaption class='wp-caption-text gallery-caption' id='gallery-1-1535'>\n\t\t\t\tUn cours d\u2019eau (ou petit fleuve)\n\t\t\t\t<\/figcaption><\/figure><figure class='gallery-item'>\n\t\t\t<div class='gallery-icon landscape'>\n\t\t\t\t<a href='https:\/\/www.mic-mat.fr\/randonnees\/img_3768\/'><img loading=\"lazy\" decoding=\"async\" width=\"150\" height=\"150\" src=\"https:\/\/i0.wp.com\/www.mic-mat.fr\/randonnees\/wp-content\/uploads\/2018\/07\/img_3768.jpg?resize=150%2C150&amp;ssl=1\" class=\"attachment-thumbnail size-thumbnail\" alt=\"\" aria-describedby=\"gallery-1-1536\" srcset=\"https:\/\/i0.wp.com\/www.mic-mat.fr\/randonnees\/wp-content\/uploads\/2018\/07\/img_3768.jpg?resize=150%2C150&amp;ssl=1 150w, https:\/\/i0.wp.com\/www.mic-mat.fr\/randonnees\/wp-content\/uploads\/2018\/07\/img_3768.jpg?zoom=2&amp;resize=150%2C150 300w, https:\/\/i0.wp.com\/www.mic-mat.fr\/randonnees\/wp-content\/uploads\/2018\/07\/img_3768.jpg?zoom=3&amp;resize=150%2C150 450w\" sizes=\"auto, (max-width: 150px) 85vw, 150px\" data-attachment-id=\"1536\" data-permalink=\"https:\/\/www.mic-mat.fr\/randonnees\/img_3768\/\" data-orig-file=\"https:\/\/i0.wp.com\/www.mic-mat.fr\/randonnees\/wp-content\/uploads\/2018\/07\/img_3768.jpg?fit=9217%2C3006&amp;ssl=1\" data-orig-size=\"9217,3006\" data-comments-opened=\"1\" data-image-meta=\"{&quot;aperture&quot;:&quot;0&quot;,&quot;credit&quot;:&quot;&quot;,&quot;camera&quot;:&quot;&quot;,&quot;caption&quot;:&quot;&quot;,&quot;created_timestamp&quot;:&quot;0&quot;,&quot;copyright&quot;:&quot;&quot;,&quot;focal_length&quot;:&quot;0&quot;,&quot;iso&quot;:&quot;0&quot;,&quot;shutter_speed&quot;:&quot;0&quot;,&quot;title&quot;:&quot;&quot;,&quot;orientation&quot;:&quot;1&quot;}\" data-image-title=\"img_3768\" data-image-description=\"\" data-image-caption=\"&lt;p&gt;Lac de Montcineyre (une partie visible seulement en absence de motivation suffisante pour en faire le tour complet&amp;#8230;)&lt;\/p&gt;\n\" data-large-file=\"https:\/\/i0.wp.com\/www.mic-mat.fr\/randonnees\/wp-content\/uploads\/2018\/07\/img_3768.jpg?fit=840%2C274&amp;ssl=1\" \/><\/a>\n\t\t\t<\/div>\n\t\t\t\t<figcaption class='wp-caption-text gallery-caption' id='gallery-1-1536'>\n\t\t\t\tLac de Montcineyre (une partie visible seulement en absence de motivation suffisante pour en faire le tour complet&#8230;)\n\t\t\t\t<\/figcaption><\/figure><figure class='gallery-item'>\n\t\t\t<div class='gallery-icon landscape'>\n\t\t\t\t<a href='https:\/\/www.mic-mat.fr\/randonnees\/img_3783\/'><img loading=\"lazy\" decoding=\"async\" width=\"150\" height=\"150\" src=\"https:\/\/i0.wp.com\/www.mic-mat.fr\/randonnees\/wp-content\/uploads\/2018\/07\/img_3783.jpg?resize=150%2C150&amp;ssl=1\" class=\"attachment-thumbnail size-thumbnail\" alt=\"\" aria-describedby=\"gallery-1-1537\" srcset=\"https:\/\/i0.wp.com\/www.mic-mat.fr\/randonnees\/wp-content\/uploads\/2018\/07\/img_3783.jpg?resize=150%2C150&amp;ssl=1 150w, https:\/\/i0.wp.com\/www.mic-mat.fr\/randonnees\/wp-content\/uploads\/2018\/07\/img_3783.jpg?zoom=2&amp;resize=150%2C150 300w, https:\/\/i0.wp.com\/www.mic-mat.fr\/randonnees\/wp-content\/uploads\/2018\/07\/img_3783.jpg?zoom=3&amp;resize=150%2C150 450w\" sizes=\"auto, (max-width: 150px) 85vw, 150px\" data-attachment-id=\"1537\" data-permalink=\"https:\/\/www.mic-mat.fr\/randonnees\/img_3783\/\" data-orig-file=\"https:\/\/i0.wp.com\/www.mic-mat.fr\/randonnees\/wp-content\/uploads\/2018\/07\/img_3783.jpg?fit=3088%2C2320&amp;ssl=1\" data-orig-size=\"3088,2320\" data-comments-opened=\"1\" data-image-meta=\"{&quot;aperture&quot;:&quot;0&quot;,&quot;credit&quot;:&quot;&quot;,&quot;camera&quot;:&quot;&quot;,&quot;caption&quot;:&quot;&quot;,&quot;created_timestamp&quot;:&quot;0&quot;,&quot;copyright&quot;:&quot;&quot;,&quot;focal_length&quot;:&quot;0&quot;,&quot;iso&quot;:&quot;0&quot;,&quot;shutter_speed&quot;:&quot;0&quot;,&quot;title&quot;:&quot;&quot;,&quot;orientation&quot;:&quot;1&quot;}\" data-image-title=\"img_3783\" data-image-description=\"\" data-image-caption=\"&lt;p&gt;Compains comme comchons&lt;\/p&gt;\n\" data-large-file=\"https:\/\/i0.wp.com\/www.mic-mat.fr\/randonnees\/wp-content\/uploads\/2018\/07\/img_3783.jpg?fit=840%2C631&amp;ssl=1\" \/><\/a>\n\t\t\t<\/div>\n\t\t\t\t<figcaption class='wp-caption-text gallery-caption' id='gallery-1-1537'>\n\t\t\t\tCompains comme comchons\n\t\t\t\t<\/figcaption><\/figure><figure class='gallery-item'>\n\t\t\t<div class='gallery-icon landscape'>\n\t\t\t\t<a href='https:\/\/www.mic-mat.fr\/randonnees\/img_3788\/'><img loading=\"lazy\" decoding=\"async\" width=\"150\" height=\"150\" src=\"https:\/\/i0.wp.com\/www.mic-mat.fr\/randonnees\/wp-content\/uploads\/2018\/07\/img_3788.jpg?resize=150%2C150&amp;ssl=1\" class=\"attachment-thumbnail size-thumbnail\" alt=\"\" aria-describedby=\"gallery-1-1538\" srcset=\"https:\/\/i0.wp.com\/www.mic-mat.fr\/randonnees\/wp-content\/uploads\/2018\/07\/img_3788.jpg?resize=150%2C150&amp;ssl=1 150w, https:\/\/i0.wp.com\/www.mic-mat.fr\/randonnees\/wp-content\/uploads\/2018\/07\/img_3788.jpg?zoom=2&amp;resize=150%2C150 300w, https:\/\/i0.wp.com\/www.mic-mat.fr\/randonnees\/wp-content\/uploads\/2018\/07\/img_3788.jpg?zoom=3&amp;resize=150%2C150 450w\" sizes=\"auto, (max-width: 150px) 85vw, 150px\" data-attachment-id=\"1538\" data-permalink=\"https:\/\/www.mic-mat.fr\/randonnees\/img_3788\/\" data-orig-file=\"https:\/\/i0.wp.com\/www.mic-mat.fr\/randonnees\/wp-content\/uploads\/2018\/07\/img_3788.jpg?fit=7256%2C3842&amp;ssl=1\" data-orig-size=\"7256,3842\" data-comments-opened=\"1\" data-image-meta=\"{&quot;aperture&quot;:&quot;0&quot;,&quot;credit&quot;:&quot;&quot;,&quot;camera&quot;:&quot;&quot;,&quot;caption&quot;:&quot;&quot;,&quot;created_timestamp&quot;:&quot;0&quot;,&quot;copyright&quot;:&quot;&quot;,&quot;focal_length&quot;:&quot;0&quot;,&quot;iso&quot;:&quot;0&quot;,&quot;shutter_speed&quot;:&quot;0&quot;,&quot;title&quot;:&quot;&quot;,&quot;orientation&quot;:&quot;1&quot;}\" data-image-title=\"img_3788\" data-image-description=\"\" data-image-caption=\"&lt;p&gt;L\u2019\u00e9glise de Compains (nous avons mang\u00e9 dans l\u2019herbe au premier plan&amp;#8230;)&lt;\/p&gt;\n\" data-large-file=\"https:\/\/i0.wp.com\/www.mic-mat.fr\/randonnees\/wp-content\/uploads\/2018\/07\/img_3788.jpg?fit=840%2C445&amp;ssl=1\" \/><\/a>\n\t\t\t<\/div>\n\t\t\t\t<figcaption class='wp-caption-text gallery-caption' id='gallery-1-1538'>\n\t\t\t\tL\u2019\u00e9glise de Compains (nous avons mang\u00e9 dans l\u2019herbe au premier plan&#8230;)\n\t\t\t\t<\/figcaption><\/figure><figure class='gallery-item'>\n\t\t\t<div class='gallery-icon portrait'>\n\t\t\t\t<a href='https:\/\/www.mic-mat.fr\/randonnees\/img_3792\/'><img loading=\"lazy\" decoding=\"async\" width=\"150\" height=\"150\" src=\"https:\/\/i0.wp.com\/www.mic-mat.fr\/randonnees\/wp-content\/uploads\/2018\/07\/img_3792.jpg?resize=150%2C150&amp;ssl=1\" class=\"attachment-thumbnail size-thumbnail\" alt=\"\" aria-describedby=\"gallery-1-1539\" srcset=\"https:\/\/i0.wp.com\/www.mic-mat.fr\/randonnees\/wp-content\/uploads\/2018\/07\/img_3792.jpg?resize=150%2C150&amp;ssl=1 150w, https:\/\/i0.wp.com\/www.mic-mat.fr\/randonnees\/wp-content\/uploads\/2018\/07\/img_3792.jpg?zoom=2&amp;resize=150%2C150 300w, https:\/\/i0.wp.com\/www.mic-mat.fr\/randonnees\/wp-content\/uploads\/2018\/07\/img_3792.jpg?zoom=3&amp;resize=150%2C150 450w\" sizes=\"auto, (max-width: 150px) 85vw, 150px\" data-attachment-id=\"1539\" data-permalink=\"https:\/\/www.mic-mat.fr\/randonnees\/img_3792\/\" data-orig-file=\"https:\/\/i0.wp.com\/www.mic-mat.fr\/randonnees\/wp-content\/uploads\/2018\/07\/img_3792.jpg?fit=3024%2C4032&amp;ssl=1\" data-orig-size=\"3024,4032\" data-comments-opened=\"1\" data-image-meta=\"{&quot;aperture&quot;:&quot;0&quot;,&quot;credit&quot;:&quot;&quot;,&quot;camera&quot;:&quot;&quot;,&quot;caption&quot;:&quot;&quot;,&quot;created_timestamp&quot;:&quot;0&quot;,&quot;copyright&quot;:&quot;&quot;,&quot;focal_length&quot;:&quot;0&quot;,&quot;iso&quot;:&quot;0&quot;,&quot;shutter_speed&quot;:&quot;0&quot;,&quot;title&quot;:&quot;&quot;,&quot;orientation&quot;:&quot;1&quot;}\" data-image-title=\"img_3792\" data-image-description=\"\" data-image-caption=\"&lt;p&gt;A midi, Mathilde commence \u00e0 avoir une petite cloque sur le 4\u00e8me orteil. C\u2019est cool, il ne reste que 20 km \u00e0 faire dessus !&lt;\/p&gt;\n\" data-large-file=\"https:\/\/i0.wp.com\/www.mic-mat.fr\/randonnees\/wp-content\/uploads\/2018\/07\/img_3792.jpg?fit=768%2C1024&amp;ssl=1\" \/><\/a>\n\t\t\t<\/div>\n\t\t\t\t<figcaption class='wp-caption-text gallery-caption' id='gallery-1-1539'>\n\t\t\t\tA midi, Mathilde commence \u00e0 avoir une petite cloque sur le 4\u00e8me orteil. C\u2019est cool, il ne reste que 20 km \u00e0 faire dessus !\n\t\t\t\t<\/figcaption><\/figure><figure class='gallery-item'>\n\t\t\t<div class='gallery-icon landscape'>\n\t\t\t\t<a href='https:\/\/www.mic-mat.fr\/randonnees\/img_3795\/'><img loading=\"lazy\" decoding=\"async\" width=\"150\" height=\"150\" src=\"https:\/\/i0.wp.com\/www.mic-mat.fr\/randonnees\/wp-content\/uploads\/2018\/07\/img_3795.jpg?resize=150%2C150&amp;ssl=1\" class=\"attachment-thumbnail size-thumbnail\" alt=\"\" aria-describedby=\"gallery-1-1540\" srcset=\"https:\/\/i0.wp.com\/www.mic-mat.fr\/randonnees\/wp-content\/uploads\/2018\/07\/img_3795.jpg?resize=150%2C150&amp;ssl=1 150w, https:\/\/i0.wp.com\/www.mic-mat.fr\/randonnees\/wp-content\/uploads\/2018\/07\/img_3795.jpg?zoom=2&amp;resize=150%2C150 300w, https:\/\/i0.wp.com\/www.mic-mat.fr\/randonnees\/wp-content\/uploads\/2018\/07\/img_3795.jpg?zoom=3&amp;resize=150%2C150 450w\" sizes=\"auto, (max-width: 150px) 85vw, 150px\" data-attachment-id=\"1540\" data-permalink=\"https:\/\/www.mic-mat.fr\/randonnees\/img_3795\/\" data-orig-file=\"https:\/\/i0.wp.com\/www.mic-mat.fr\/randonnees\/wp-content\/uploads\/2018\/07\/img_3795.jpg?fit=4032%2C3024&amp;ssl=1\" data-orig-size=\"4032,3024\" data-comments-opened=\"1\" data-image-meta=\"{&quot;aperture&quot;:&quot;0&quot;,&quot;credit&quot;:&quot;&quot;,&quot;camera&quot;:&quot;&quot;,&quot;caption&quot;:&quot;&quot;,&quot;created_timestamp&quot;:&quot;0&quot;,&quot;copyright&quot;:&quot;&quot;,&quot;focal_length&quot;:&quot;0&quot;,&quot;iso&quot;:&quot;0&quot;,&quot;shutter_speed&quot;:&quot;0&quot;,&quot;title&quot;:&quot;&quot;,&quot;orientation&quot;:&quot;1&quot;}\" data-image-title=\"img_3795\" data-image-description=\"\" data-image-caption=\"&lt;p&gt;Elle attire vraiment tous les animaux en fait (ici un chien griffon)&lt;\/p&gt;\n\" data-large-file=\"https:\/\/i0.wp.com\/www.mic-mat.fr\/randonnees\/wp-content\/uploads\/2018\/07\/img_3795.jpg?fit=840%2C630&amp;ssl=1\" \/><\/a>\n\t\t\t<\/div>\n\t\t\t\t<figcaption class='wp-caption-text gallery-caption' id='gallery-1-1540'>\n\t\t\t\tElle attire vraiment tous les animaux en fait (ici un chien griffon)\n\t\t\t\t<\/figcaption><\/figure><figure class='gallery-item'>\n\t\t\t<div class='gallery-icon landscape'>\n\t\t\t\t<a href='https:\/\/www.mic-mat.fr\/randonnees\/img_3798\/'><img loading=\"lazy\" decoding=\"async\" width=\"150\" height=\"150\" src=\"https:\/\/i0.wp.com\/www.mic-mat.fr\/randonnees\/wp-content\/uploads\/2018\/07\/img_3798.jpg?resize=150%2C150&amp;ssl=1\" class=\"attachment-thumbnail size-thumbnail\" alt=\"\" aria-describedby=\"gallery-1-1541\" srcset=\"https:\/\/i0.wp.com\/www.mic-mat.fr\/randonnees\/wp-content\/uploads\/2018\/07\/img_3798.jpg?resize=150%2C150&amp;ssl=1 150w, https:\/\/i0.wp.com\/www.mic-mat.fr\/randonnees\/wp-content\/uploads\/2018\/07\/img_3798.jpg?zoom=2&amp;resize=150%2C150 300w, https:\/\/i0.wp.com\/www.mic-mat.fr\/randonnees\/wp-content\/uploads\/2018\/07\/img_3798.jpg?zoom=3&amp;resize=150%2C150 450w\" sizes=\"auto, (max-width: 150px) 85vw, 150px\" data-attachment-id=\"1541\" data-permalink=\"https:\/\/www.mic-mat.fr\/randonnees\/img_3798\/\" data-orig-file=\"https:\/\/i0.wp.com\/www.mic-mat.fr\/randonnees\/wp-content\/uploads\/2018\/07\/img_3798.jpg?fit=4032%2C3024&amp;ssl=1\" data-orig-size=\"4032,3024\" data-comments-opened=\"1\" data-image-meta=\"{&quot;aperture&quot;:&quot;0&quot;,&quot;credit&quot;:&quot;&quot;,&quot;camera&quot;:&quot;&quot;,&quot;caption&quot;:&quot;&quot;,&quot;created_timestamp&quot;:&quot;0&quot;,&quot;copyright&quot;:&quot;&quot;,&quot;focal_length&quot;:&quot;0&quot;,&quot;iso&quot;:&quot;0&quot;,&quot;shutter_speed&quot;:&quot;0&quot;,&quot;title&quot;:&quot;&quot;,&quot;orientation&quot;:&quot;1&quot;}\" data-image-title=\"img_3798\" data-image-description=\"\" data-image-caption=\"&lt;p&gt;Mais&amp;#8230; Non mais c\u2019est pas possible ! &lt;\/p&gt;\n\" data-large-file=\"https:\/\/i0.wp.com\/www.mic-mat.fr\/randonnees\/wp-content\/uploads\/2018\/07\/img_3798.jpg?fit=840%2C630&amp;ssl=1\" \/><\/a>\n\t\t\t<\/div>\n\t\t\t\t<figcaption class='wp-caption-text gallery-caption' id='gallery-1-1541'>\n\t\t\t\tMais&#8230; Non mais c\u2019est pas possible ! \n\t\t\t\t<\/figcaption><\/figure><figure class='gallery-item'>\n\t\t\t<div class='gallery-icon landscape'>\n\t\t\t\t<a href='https:\/\/www.mic-mat.fr\/randonnees\/img_3814\/'><img loading=\"lazy\" decoding=\"async\" width=\"150\" height=\"150\" src=\"https:\/\/i0.wp.com\/www.mic-mat.fr\/randonnees\/wp-content\/uploads\/2018\/07\/img_3814.jpg?resize=150%2C150&amp;ssl=1\" class=\"attachment-thumbnail size-thumbnail\" alt=\"\" aria-describedby=\"gallery-1-1542\" srcset=\"https:\/\/i0.wp.com\/www.mic-mat.fr\/randonnees\/wp-content\/uploads\/2018\/07\/img_3814.jpg?resize=150%2C150&amp;ssl=1 150w, https:\/\/i0.wp.com\/www.mic-mat.fr\/randonnees\/wp-content\/uploads\/2018\/07\/img_3814.jpg?zoom=2&amp;resize=150%2C150 300w, https:\/\/i0.wp.com\/www.mic-mat.fr\/randonnees\/wp-content\/uploads\/2018\/07\/img_3814.jpg?zoom=3&amp;resize=150%2C150 450w\" sizes=\"auto, (max-width: 150px) 85vw, 150px\" data-attachment-id=\"1542\" data-permalink=\"https:\/\/www.mic-mat.fr\/randonnees\/img_3814\/\" data-orig-file=\"https:\/\/i0.wp.com\/www.mic-mat.fr\/randonnees\/wp-content\/uploads\/2018\/07\/img_3814.jpg?fit=4032%2C3024&amp;ssl=1\" data-orig-size=\"4032,3024\" data-comments-opened=\"1\" data-image-meta=\"{&quot;aperture&quot;:&quot;0&quot;,&quot;credit&quot;:&quot;&quot;,&quot;camera&quot;:&quot;&quot;,&quot;caption&quot;:&quot;&quot;,&quot;created_timestamp&quot;:&quot;0&quot;,&quot;copyright&quot;:&quot;&quot;,&quot;focal_length&quot;:&quot;0&quot;,&quot;iso&quot;:&quot;0&quot;,&quot;shutter_speed&quot;:&quot;0&quot;,&quot;title&quot;:&quot;&quot;,&quot;orientation&quot;:&quot;1&quot;}\" data-image-title=\"img_3814\" data-image-description=\"\" data-image-caption=\"&lt;p&gt;Encore une \u00e9tape vari\u00e9e avec de longs passages sur des plateaux fleuris et bois\u00e9s&lt;\/p&gt;\n\" data-large-file=\"https:\/\/i0.wp.com\/www.mic-mat.fr\/randonnees\/wp-content\/uploads\/2018\/07\/img_3814.jpg?fit=840%2C630&amp;ssl=1\" \/><\/a>\n\t\t\t<\/div>\n\t\t\t\t<figcaption class='wp-caption-text gallery-caption' id='gallery-1-1542'>\n\t\t\t\tEncore une \u00e9tape vari\u00e9e avec de longs passages sur des plateaux fleuris et bois\u00e9s\n\t\t\t\t<\/figcaption><\/figure><figure class='gallery-item'>\n\t\t\t<div class='gallery-icon landscape'>\n\t\t\t\t<a href='https:\/\/www.mic-mat.fr\/randonnees\/img_3823\/'><img loading=\"lazy\" decoding=\"async\" width=\"150\" height=\"150\" src=\"https:\/\/i0.wp.com\/www.mic-mat.fr\/randonnees\/wp-content\/uploads\/2018\/07\/img_3823.jpg?resize=150%2C150&amp;ssl=1\" class=\"attachment-thumbnail size-thumbnail\" alt=\"\" aria-describedby=\"gallery-1-1543\" srcset=\"https:\/\/i0.wp.com\/www.mic-mat.fr\/randonnees\/wp-content\/uploads\/2018\/07\/img_3823.jpg?resize=150%2C150&amp;ssl=1 150w, https:\/\/i0.wp.com\/www.mic-mat.fr\/randonnees\/wp-content\/uploads\/2018\/07\/img_3823.jpg?zoom=2&amp;resize=150%2C150 300w, https:\/\/i0.wp.com\/www.mic-mat.fr\/randonnees\/wp-content\/uploads\/2018\/07\/img_3823.jpg?zoom=3&amp;resize=150%2C150 450w\" sizes=\"auto, (max-width: 150px) 85vw, 150px\" data-attachment-id=\"1543\" data-permalink=\"https:\/\/www.mic-mat.fr\/randonnees\/img_3823\/\" data-orig-file=\"https:\/\/i0.wp.com\/www.mic-mat.fr\/randonnees\/wp-content\/uploads\/2018\/07\/img_3823.jpg?fit=4032%2C3024&amp;ssl=1\" data-orig-size=\"4032,3024\" data-comments-opened=\"1\" data-image-meta=\"{&quot;aperture&quot;:&quot;0&quot;,&quot;credit&quot;:&quot;&quot;,&quot;camera&quot;:&quot;&quot;,&quot;caption&quot;:&quot;&quot;,&quot;created_timestamp&quot;:&quot;0&quot;,&quot;copyright&quot;:&quot;&quot;,&quot;focal_length&quot;:&quot;0&quot;,&quot;iso&quot;:&quot;0&quot;,&quot;shutter_speed&quot;:&quot;0&quot;,&quot;title&quot;:&quot;&quot;,&quot;orientation&quot;:&quot;1&quot;}\" data-image-title=\"img_3823\" data-image-description=\"\" data-image-caption=\"&lt;p&gt;Bour nos betits bieds&lt;\/p&gt;\n\" data-large-file=\"https:\/\/i0.wp.com\/www.mic-mat.fr\/randonnees\/wp-content\/uploads\/2018\/07\/img_3823.jpg?fit=840%2C630&amp;ssl=1\" \/><\/a>\n\t\t\t<\/div>\n\t\t\t\t<figcaption class='wp-caption-text gallery-caption' id='gallery-1-1543'>\n\t\t\t\tBour nos betits bieds\n\t\t\t\t<\/figcaption><\/figure><figure class='gallery-item'>\n\t\t\t<div class='gallery-icon landscape'>\n\t\t\t\t<a href='https:\/\/www.mic-mat.fr\/randonnees\/img_3821\/'><img loading=\"lazy\" decoding=\"async\" width=\"150\" height=\"150\" src=\"https:\/\/i0.wp.com\/www.mic-mat.fr\/randonnees\/wp-content\/uploads\/2018\/07\/img_3821.jpg?resize=150%2C150&amp;ssl=1\" class=\"attachment-thumbnail size-thumbnail\" alt=\"\" aria-describedby=\"gallery-1-1544\" srcset=\"https:\/\/i0.wp.com\/www.mic-mat.fr\/randonnees\/wp-content\/uploads\/2018\/07\/img_3821.jpg?resize=150%2C150&amp;ssl=1 150w, https:\/\/i0.wp.com\/www.mic-mat.fr\/randonnees\/wp-content\/uploads\/2018\/07\/img_3821.jpg?zoom=2&amp;resize=150%2C150 300w, https:\/\/i0.wp.com\/www.mic-mat.fr\/randonnees\/wp-content\/uploads\/2018\/07\/img_3821.jpg?zoom=3&amp;resize=150%2C150 450w\" sizes=\"auto, (max-width: 150px) 85vw, 150px\" data-attachment-id=\"1544\" data-permalink=\"https:\/\/www.mic-mat.fr\/randonnees\/img_3821\/\" data-orig-file=\"https:\/\/i0.wp.com\/www.mic-mat.fr\/randonnees\/wp-content\/uploads\/2018\/07\/img_3821.jpg?fit=4032%2C3024&amp;ssl=1\" data-orig-size=\"4032,3024\" data-comments-opened=\"1\" data-image-meta=\"{&quot;aperture&quot;:&quot;0&quot;,&quot;credit&quot;:&quot;&quot;,&quot;camera&quot;:&quot;&quot;,&quot;caption&quot;:&quot;&quot;,&quot;created_timestamp&quot;:&quot;0&quot;,&quot;copyright&quot;:&quot;&quot;,&quot;focal_length&quot;:&quot;0&quot;,&quot;iso&quot;:&quot;0&quot;,&quot;shutter_speed&quot;:&quot;0&quot;,&quot;title&quot;:&quot;&quot;,&quot;orientation&quot;:&quot;1&quot;}\" data-image-title=\"img_3821\" data-image-description=\"\" data-image-caption=\"&lt;p&gt;Couleurs de montagne !&lt;\/p&gt;\n\" data-large-file=\"https:\/\/i0.wp.com\/www.mic-mat.fr\/randonnees\/wp-content\/uploads\/2018\/07\/img_3821.jpg?fit=840%2C630&amp;ssl=1\" \/><\/a>\n\t\t\t<\/div>\n\t\t\t\t<figcaption class='wp-caption-text gallery-caption' id='gallery-1-1544'>\n\t\t\t\tCouleurs de montagne !\n\t\t\t\t<\/figcaption><\/figure><figure class='gallery-item'>\n\t\t\t<div class='gallery-icon landscape'>\n\t\t\t\t<a href='https:\/\/www.mic-mat.fr\/randonnees\/img_3833\/'><img loading=\"lazy\" decoding=\"async\" width=\"150\" height=\"150\" src=\"https:\/\/i0.wp.com\/www.mic-mat.fr\/randonnees\/wp-content\/uploads\/2018\/07\/img_3833.jpg?resize=150%2C150&amp;ssl=1\" class=\"attachment-thumbnail size-thumbnail\" alt=\"\" aria-describedby=\"gallery-1-1546\" srcset=\"https:\/\/i0.wp.com\/www.mic-mat.fr\/randonnees\/wp-content\/uploads\/2018\/07\/img_3833.jpg?resize=150%2C150&amp;ssl=1 150w, https:\/\/i0.wp.com\/www.mic-mat.fr\/randonnees\/wp-content\/uploads\/2018\/07\/img_3833.jpg?zoom=2&amp;resize=150%2C150 300w, https:\/\/i0.wp.com\/www.mic-mat.fr\/randonnees\/wp-content\/uploads\/2018\/07\/img_3833.jpg?zoom=3&amp;resize=150%2C150 450w\" sizes=\"auto, (max-width: 150px) 85vw, 150px\" data-attachment-id=\"1546\" data-permalink=\"https:\/\/www.mic-mat.fr\/randonnees\/img_3833\/\" data-orig-file=\"https:\/\/i0.wp.com\/www.mic-mat.fr\/randonnees\/wp-content\/uploads\/2018\/07\/img_3833.jpg?fit=6570%2C3473&amp;ssl=1\" data-orig-size=\"6570,3473\" data-comments-opened=\"1\" data-image-meta=\"{&quot;aperture&quot;:&quot;0&quot;,&quot;credit&quot;:&quot;&quot;,&quot;camera&quot;:&quot;&quot;,&quot;caption&quot;:&quot;&quot;,&quot;created_timestamp&quot;:&quot;0&quot;,&quot;copyright&quot;:&quot;&quot;,&quot;focal_length&quot;:&quot;0&quot;,&quot;iso&quot;:&quot;0&quot;,&quot;shutter_speed&quot;:&quot;0&quot;,&quot;title&quot;:&quot;&quot;,&quot;orientation&quot;:&quot;1&quot;}\" data-image-title=\"img_3833\" data-image-description=\"\" data-image-caption=\"&lt;p&gt;A la rigueur, on pourrait arriver \u00e0 Egliseneuve-d\u2019Entraigues plus rapidement qu\u2019en poule&amp;#8230;&lt;\/p&gt;\n\" data-large-file=\"https:\/\/i0.wp.com\/www.mic-mat.fr\/randonnees\/wp-content\/uploads\/2018\/07\/img_3833.jpg?fit=840%2C444&amp;ssl=1\" \/><\/a>\n\t\t\t<\/div>\n\t\t\t\t<figcaption class='wp-caption-text gallery-caption' id='gallery-1-1546'>\n\t\t\t\tA la rigueur, on pourrait arriver \u00e0 Egliseneuve-d\u2019Entraigues plus rapidement qu\u2019en poule&#8230;\n\t\t\t\t<\/figcaption><\/figure><figure class='gallery-item'>\n\t\t\t<div class='gallery-icon landscape'>\n\t\t\t\t<a href='https:\/\/www.mic-mat.fr\/randonnees\/img_3838\/'><img loading=\"lazy\" decoding=\"async\" width=\"150\" height=\"150\" src=\"https:\/\/i0.wp.com\/www.mic-mat.fr\/randonnees\/wp-content\/uploads\/2018\/07\/img_3838.jpg?resize=150%2C150&amp;ssl=1\" class=\"attachment-thumbnail size-thumbnail\" alt=\"\" aria-describedby=\"gallery-1-1548\" srcset=\"https:\/\/i0.wp.com\/www.mic-mat.fr\/randonnees\/wp-content\/uploads\/2018\/07\/img_3838.jpg?resize=150%2C150&amp;ssl=1 150w, https:\/\/i0.wp.com\/www.mic-mat.fr\/randonnees\/wp-content\/uploads\/2018\/07\/img_3838.jpg?zoom=2&amp;resize=150%2C150 300w, https:\/\/i0.wp.com\/www.mic-mat.fr\/randonnees\/wp-content\/uploads\/2018\/07\/img_3838.jpg?zoom=3&amp;resize=150%2C150 450w\" sizes=\"auto, (max-width: 150px) 85vw, 150px\" data-attachment-id=\"1548\" data-permalink=\"https:\/\/www.mic-mat.fr\/randonnees\/img_3838\/\" data-orig-file=\"https:\/\/i0.wp.com\/www.mic-mat.fr\/randonnees\/wp-content\/uploads\/2018\/07\/img_3838.jpg?fit=4032%2C3024&amp;ssl=1\" data-orig-size=\"4032,3024\" data-comments-opened=\"1\" data-image-meta=\"{&quot;aperture&quot;:&quot;0&quot;,&quot;credit&quot;:&quot;&quot;,&quot;camera&quot;:&quot;&quot;,&quot;caption&quot;:&quot;&quot;,&quot;created_timestamp&quot;:&quot;0&quot;,&quot;copyright&quot;:&quot;&quot;,&quot;focal_length&quot;:&quot;0&quot;,&quot;iso&quot;:&quot;0&quot;,&quot;shutter_speed&quot;:&quot;0&quot;,&quot;title&quot;:&quot;&quot;,&quot;orientation&quot;:&quot;1&quot;}\" data-image-title=\"img_3838\" data-image-description=\"\" data-image-caption=\"&lt;p&gt;De longs plateaux parcourus cet apr\u00e8s-midi !&lt;\/p&gt;\n\" data-large-file=\"https:\/\/i0.wp.com\/www.mic-mat.fr\/randonnees\/wp-content\/uploads\/2018\/07\/img_3838.jpg?fit=840%2C630&amp;ssl=1\" \/><\/a>\n\t\t\t<\/div>\n\t\t\t\t<figcaption class='wp-caption-text gallery-caption' id='gallery-1-1548'>\n\t\t\t\tDe longs plateaux parcourus cet apr\u00e8s-midi !\n\t\t\t\t<\/figcaption><\/figure><figure class='gallery-item'>\n\t\t\t<div class='gallery-icon landscape'>\n\t\t\t\t<a href='https:\/\/www.mic-mat.fr\/randonnees\/img_3843\/'><img loading=\"lazy\" decoding=\"async\" width=\"150\" height=\"150\" src=\"https:\/\/i0.wp.com\/www.mic-mat.fr\/randonnees\/wp-content\/uploads\/2018\/07\/img_3843.jpg?resize=150%2C150&amp;ssl=1\" class=\"attachment-thumbnail size-thumbnail\" alt=\"\" aria-describedby=\"gallery-1-1547\" srcset=\"https:\/\/i0.wp.com\/www.mic-mat.fr\/randonnees\/wp-content\/uploads\/2018\/07\/img_3843.jpg?resize=150%2C150&amp;ssl=1 150w, https:\/\/i0.wp.com\/www.mic-mat.fr\/randonnees\/wp-content\/uploads\/2018\/07\/img_3843.jpg?zoom=2&amp;resize=150%2C150 300w, https:\/\/i0.wp.com\/www.mic-mat.fr\/randonnees\/wp-content\/uploads\/2018\/07\/img_3843.jpg?zoom=3&amp;resize=150%2C150 450w\" sizes=\"auto, (max-width: 150px) 85vw, 150px\" data-attachment-id=\"1547\" data-permalink=\"https:\/\/www.mic-mat.fr\/randonnees\/img_3843\/\" data-orig-file=\"https:\/\/i0.wp.com\/www.mic-mat.fr\/randonnees\/wp-content\/uploads\/2018\/07\/img_3843.jpg?fit=4032%2C3024&amp;ssl=1\" data-orig-size=\"4032,3024\" data-comments-opened=\"1\" data-image-meta=\"{&quot;aperture&quot;:&quot;0&quot;,&quot;credit&quot;:&quot;&quot;,&quot;camera&quot;:&quot;&quot;,&quot;caption&quot;:&quot;&quot;,&quot;created_timestamp&quot;:&quot;0&quot;,&quot;copyright&quot;:&quot;&quot;,&quot;focal_length&quot;:&quot;0&quot;,&quot;iso&quot;:&quot;0&quot;,&quot;shutter_speed&quot;:&quot;0&quot;,&quot;title&quot;:&quot;&quot;,&quot;orientation&quot;:&quot;1&quot;}\" data-image-title=\"img_3843\" data-image-description=\"\" data-image-caption=\"&lt;p&gt;On fait des m\u00e9dicaments avec cette plante (n\u2019en mangez pas, c\u2019est toxique !)&lt;\/p&gt;\n\" data-large-file=\"https:\/\/i0.wp.com\/www.mic-mat.fr\/randonnees\/wp-content\/uploads\/2018\/07\/img_3843.jpg?fit=840%2C630&amp;ssl=1\" \/><\/a>\n\t\t\t<\/div>\n\t\t\t\t<figcaption class='wp-caption-text gallery-caption' id='gallery-1-1547'>\n\t\t\t\tOn fait des m\u00e9dicaments avec cette plante (n\u2019en mangez pas, c\u2019est toxique !)\n\t\t\t\t<\/figcaption><\/figure><figure class='gallery-item'>\n\t\t\t<div class='gallery-icon landscape'>\n\t\t\t\t<a href='https:\/\/www.mic-mat.fr\/randonnees\/img_3841\/'><img loading=\"lazy\" decoding=\"async\" width=\"150\" height=\"150\" src=\"https:\/\/i0.wp.com\/www.mic-mat.fr\/randonnees\/wp-content\/uploads\/2018\/07\/img_3841.jpg?resize=150%2C150&amp;ssl=1\" class=\"attachment-thumbnail size-thumbnail\" alt=\"\" aria-describedby=\"gallery-1-1549\" srcset=\"https:\/\/i0.wp.com\/www.mic-mat.fr\/randonnees\/wp-content\/uploads\/2018\/07\/img_3841.jpg?resize=150%2C150&amp;ssl=1 150w, https:\/\/i0.wp.com\/www.mic-mat.fr\/randonnees\/wp-content\/uploads\/2018\/07\/img_3841.jpg?zoom=2&amp;resize=150%2C150 300w, https:\/\/i0.wp.com\/www.mic-mat.fr\/randonnees\/wp-content\/uploads\/2018\/07\/img_3841.jpg?zoom=3&amp;resize=150%2C150 450w\" sizes=\"auto, (max-width: 150px) 85vw, 150px\" data-attachment-id=\"1549\" data-permalink=\"https:\/\/www.mic-mat.fr\/randonnees\/img_3841\/\" data-orig-file=\"https:\/\/i0.wp.com\/www.mic-mat.fr\/randonnees\/wp-content\/uploads\/2018\/07\/img_3841.jpg?fit=4032%2C3024&amp;ssl=1\" data-orig-size=\"4032,3024\" data-comments-opened=\"1\" data-image-meta=\"{&quot;aperture&quot;:&quot;0&quot;,&quot;credit&quot;:&quot;&quot;,&quot;camera&quot;:&quot;&quot;,&quot;caption&quot;:&quot;&quot;,&quot;created_timestamp&quot;:&quot;0&quot;,&quot;copyright&quot;:&quot;&quot;,&quot;focal_length&quot;:&quot;0&quot;,&quot;iso&quot;:&quot;0&quot;,&quot;shutter_speed&quot;:&quot;0&quot;,&quot;title&quot;:&quot;&quot;,&quot;orientation&quot;:&quot;1&quot;}\" data-image-title=\"img_3841\" data-image-description=\"\" data-image-caption=\"&lt;p&gt;Enfin un peu de cr\u00e2nes et de squelettes dans ce monde bucolique de fleurs et de vaches.&lt;\/p&gt;\n\" data-large-file=\"https:\/\/i0.wp.com\/www.mic-mat.fr\/randonnees\/wp-content\/uploads\/2018\/07\/img_3841.jpg?fit=840%2C630&amp;ssl=1\" \/><\/a>\n\t\t\t<\/div>\n\t\t\t\t<figcaption class='wp-caption-text gallery-caption' id='gallery-1-1549'>\n\t\t\t\tEnfin un peu de cr\u00e2nes et de squelettes dans ce monde bucolique de fleurs et de vaches.\n\t\t\t\t<\/figcaption><\/figure><figure class='gallery-item'>\n\t\t\t<div class='gallery-icon portrait'>\n\t\t\t\t<a href='https:\/\/www.mic-mat.fr\/randonnees\/img_3866\/'><img loading=\"lazy\" decoding=\"async\" width=\"150\" height=\"150\" src=\"https:\/\/i0.wp.com\/www.mic-mat.fr\/randonnees\/wp-content\/uploads\/2018\/07\/img_3866.jpg?resize=150%2C150&amp;ssl=1\" class=\"attachment-thumbnail size-thumbnail\" alt=\"\" aria-describedby=\"gallery-1-1551\" srcset=\"https:\/\/i0.wp.com\/www.mic-mat.fr\/randonnees\/wp-content\/uploads\/2018\/07\/img_3866.jpg?resize=150%2C150&amp;ssl=1 150w, https:\/\/i0.wp.com\/www.mic-mat.fr\/randonnees\/wp-content\/uploads\/2018\/07\/img_3866.jpg?zoom=2&amp;resize=150%2C150 300w, https:\/\/i0.wp.com\/www.mic-mat.fr\/randonnees\/wp-content\/uploads\/2018\/07\/img_3866.jpg?zoom=3&amp;resize=150%2C150 450w\" sizes=\"auto, (max-width: 150px) 85vw, 150px\" data-attachment-id=\"1551\" data-permalink=\"https:\/\/www.mic-mat.fr\/randonnees\/img_3866\/\" data-orig-file=\"https:\/\/i0.wp.com\/www.mic-mat.fr\/randonnees\/wp-content\/uploads\/2018\/07\/img_3866.jpg?fit=3262%2C4496&amp;ssl=1\" data-orig-size=\"3262,4496\" data-comments-opened=\"1\" data-image-meta=\"{&quot;aperture&quot;:&quot;0&quot;,&quot;credit&quot;:&quot;&quot;,&quot;camera&quot;:&quot;&quot;,&quot;caption&quot;:&quot;&quot;,&quot;created_timestamp&quot;:&quot;0&quot;,&quot;copyright&quot;:&quot;&quot;,&quot;focal_length&quot;:&quot;0&quot;,&quot;iso&quot;:&quot;0&quot;,&quot;shutter_speed&quot;:&quot;0&quot;,&quot;title&quot;:&quot;&quot;,&quot;orientation&quot;:&quot;1&quot;}\" data-image-title=\"img_3866\" data-image-description=\"\" data-image-caption=\"&lt;p&gt;\u00c9glise et fontaine de La Godivelle&lt;\/p&gt;\n\" data-large-file=\"https:\/\/i0.wp.com\/www.mic-mat.fr\/randonnees\/wp-content\/uploads\/2018\/07\/img_3866.jpg?fit=743%2C1024&amp;ssl=1\" \/><\/a>\n\t\t\t<\/div>\n\t\t\t\t<figcaption class='wp-caption-text gallery-caption' id='gallery-1-1551'>\n\t\t\t\t\u00c9glise et fontaine de La Godivelle\n\t\t\t\t<\/figcaption><\/figure><figure class='gallery-item'>\n\t\t\t<div class='gallery-icon landscape'>\n\t\t\t\t<a href='https:\/\/www.mic-mat.fr\/randonnees\/img_3857\/'><img loading=\"lazy\" decoding=\"async\" width=\"150\" height=\"150\" src=\"https:\/\/i0.wp.com\/www.mic-mat.fr\/randonnees\/wp-content\/uploads\/2018\/07\/img_3857.jpg?resize=150%2C150&amp;ssl=1\" class=\"attachment-thumbnail size-thumbnail\" alt=\"\" aria-describedby=\"gallery-1-1552\" srcset=\"https:\/\/i0.wp.com\/www.mic-mat.fr\/randonnees\/wp-content\/uploads\/2018\/07\/img_3857.jpg?resize=150%2C150&amp;ssl=1 150w, https:\/\/i0.wp.com\/www.mic-mat.fr\/randonnees\/wp-content\/uploads\/2018\/07\/img_3857.jpg?zoom=2&amp;resize=150%2C150 300w, https:\/\/i0.wp.com\/www.mic-mat.fr\/randonnees\/wp-content\/uploads\/2018\/07\/img_3857.jpg?zoom=3&amp;resize=150%2C150 450w\" sizes=\"auto, (max-width: 150px) 85vw, 150px\" data-attachment-id=\"1552\" data-permalink=\"https:\/\/www.mic-mat.fr\/randonnees\/img_3857\/\" data-orig-file=\"https:\/\/i0.wp.com\/www.mic-mat.fr\/randonnees\/wp-content\/uploads\/2018\/07\/img_3857.jpg?fit=4032%2C3024&amp;ssl=1\" data-orig-size=\"4032,3024\" data-comments-opened=\"1\" data-image-meta=\"{&quot;aperture&quot;:&quot;0&quot;,&quot;credit&quot;:&quot;&quot;,&quot;camera&quot;:&quot;&quot;,&quot;caption&quot;:&quot;&quot;,&quot;created_timestamp&quot;:&quot;0&quot;,&quot;copyright&quot;:&quot;&quot;,&quot;focal_length&quot;:&quot;0&quot;,&quot;iso&quot;:&quot;0&quot;,&quot;shutter_speed&quot;:&quot;0&quot;,&quot;title&quot;:&quot;&quot;,&quot;orientation&quot;:&quot;1&quot;}\" data-image-title=\"img_3857\" data-image-description=\"\" data-image-caption=\"&lt;p&gt;Lac bas de La Godivelle (hors GR, \u00e0 gauche en arrivant dans la ville, direction r\u00e9serve naturelle)&lt;\/p&gt;\n\" data-large-file=\"https:\/\/i0.wp.com\/www.mic-mat.fr\/randonnees\/wp-content\/uploads\/2018\/07\/img_3857.jpg?fit=840%2C630&amp;ssl=1\" \/><\/a>\n\t\t\t<\/div>\n\t\t\t\t<figcaption class='wp-caption-text gallery-caption' id='gallery-1-1552'>\n\t\t\t\tLac bas de La Godivelle (hors GR, \u00e0 gauche en arrivant dans la ville, direction r\u00e9serve naturelle)\n\t\t\t\t<\/figcaption><\/figure><figure class='gallery-item'>\n\t\t\t<div class='gallery-icon portrait'>\n\t\t\t\t<a href='https:\/\/www.mic-mat.fr\/randonnees\/img_3893\/'><img loading=\"lazy\" decoding=\"async\" width=\"150\" height=\"150\" src=\"https:\/\/i0.wp.com\/www.mic-mat.fr\/randonnees\/wp-content\/uploads\/2018\/07\/img_3893.jpg?resize=150%2C150&amp;ssl=1\" class=\"attachment-thumbnail size-thumbnail\" alt=\"\" aria-describedby=\"gallery-1-1555\" srcset=\"https:\/\/i0.wp.com\/www.mic-mat.fr\/randonnees\/wp-content\/uploads\/2018\/07\/img_3893.jpg?resize=150%2C150&amp;ssl=1 150w, https:\/\/i0.wp.com\/www.mic-mat.fr\/randonnees\/wp-content\/uploads\/2018\/07\/img_3893.jpg?zoom=2&amp;resize=150%2C150 300w, https:\/\/i0.wp.com\/www.mic-mat.fr\/randonnees\/wp-content\/uploads\/2018\/07\/img_3893.jpg?zoom=3&amp;resize=150%2C150 450w\" sizes=\"auto, (max-width: 150px) 85vw, 150px\" data-attachment-id=\"1555\" data-permalink=\"https:\/\/www.mic-mat.fr\/randonnees\/img_3893\/\" data-orig-file=\"https:\/\/i0.wp.com\/www.mic-mat.fr\/randonnees\/wp-content\/uploads\/2018\/07\/img_3893.jpg?fit=3024%2C4032&amp;ssl=1\" data-orig-size=\"3024,4032\" data-comments-opened=\"1\" data-image-meta=\"{&quot;aperture&quot;:&quot;0&quot;,&quot;credit&quot;:&quot;&quot;,&quot;camera&quot;:&quot;&quot;,&quot;caption&quot;:&quot;&quot;,&quot;created_timestamp&quot;:&quot;0&quot;,&quot;copyright&quot;:&quot;&quot;,&quot;focal_length&quot;:&quot;0&quot;,&quot;iso&quot;:&quot;0&quot;,&quot;shutter_speed&quot;:&quot;0&quot;,&quot;title&quot;:&quot;&quot;,&quot;orientation&quot;:&quot;1&quot;}\" data-image-title=\"img_3893\" data-image-description=\"\" data-image-caption=\"&lt;p&gt;\u00c9glise d\u2019Espinchal (le s se prononce)&lt;\/p&gt;\n\" data-large-file=\"https:\/\/i0.wp.com\/www.mic-mat.fr\/randonnees\/wp-content\/uploads\/2018\/07\/img_3893.jpg?fit=768%2C1024&amp;ssl=1\" \/><\/a>\n\t\t\t<\/div>\n\t\t\t\t<figcaption class='wp-caption-text gallery-caption' id='gallery-1-1555'>\n\t\t\t\t\u00c9glise d\u2019Espinchal (le s se prononce)\n\t\t\t\t<\/figcaption><\/figure><figure class='gallery-item'>\n\t\t\t<div class='gallery-icon landscape'>\n\t\t\t\t<a href='https:\/\/www.mic-mat.fr\/randonnees\/img_3877\/'><img loading=\"lazy\" decoding=\"async\" width=\"150\" height=\"150\" src=\"https:\/\/i0.wp.com\/www.mic-mat.fr\/randonnees\/wp-content\/uploads\/2018\/07\/img_3877.jpg?resize=150%2C150&amp;ssl=1\" class=\"attachment-thumbnail size-thumbnail\" alt=\"\" aria-describedby=\"gallery-1-1556\" srcset=\"https:\/\/i0.wp.com\/www.mic-mat.fr\/randonnees\/wp-content\/uploads\/2018\/07\/img_3877.jpg?resize=150%2C150&amp;ssl=1 150w, https:\/\/i0.wp.com\/www.mic-mat.fr\/randonnees\/wp-content\/uploads\/2018\/07\/img_3877.jpg?zoom=2&amp;resize=150%2C150 300w, https:\/\/i0.wp.com\/www.mic-mat.fr\/randonnees\/wp-content\/uploads\/2018\/07\/img_3877.jpg?zoom=3&amp;resize=150%2C150 450w\" sizes=\"auto, (max-width: 150px) 85vw, 150px\" data-attachment-id=\"1556\" data-permalink=\"https:\/\/www.mic-mat.fr\/randonnees\/img_3877\/\" data-orig-file=\"https:\/\/i0.wp.com\/www.mic-mat.fr\/randonnees\/wp-content\/uploads\/2018\/07\/img_3877.jpg?fit=7910%2C3772&amp;ssl=1\" data-orig-size=\"7910,3772\" data-comments-opened=\"1\" data-image-meta=\"{&quot;aperture&quot;:&quot;0&quot;,&quot;credit&quot;:&quot;&quot;,&quot;camera&quot;:&quot;&quot;,&quot;caption&quot;:&quot;&quot;,&quot;created_timestamp&quot;:&quot;0&quot;,&quot;copyright&quot;:&quot;&quot;,&quot;focal_length&quot;:&quot;0&quot;,&quot;iso&quot;:&quot;0&quot;,&quot;shutter_speed&quot;:&quot;0&quot;,&quot;title&quot;:&quot;&quot;,&quot;orientation&quot;:&quot;1&quot;}\" data-image-title=\"img_3877\" data-image-description=\"\" data-image-caption=\"&lt;p&gt;Long plateau fleuri&amp;#8230; J\u2019aime les panoramas.&lt;\/p&gt;\n\" data-large-file=\"https:\/\/i0.wp.com\/www.mic-mat.fr\/randonnees\/wp-content\/uploads\/2018\/07\/img_3877.jpg?fit=840%2C400&amp;ssl=1\" \/><\/a>\n\t\t\t<\/div>\n\t\t\t\t<figcaption class='wp-caption-text gallery-caption' id='gallery-1-1556'>\n\t\t\t\tLong plateau fleuri&#8230; J\u2019aime les panoramas.\n\t\t\t\t<\/figcaption><\/figure><figure class='gallery-item'>\n\t\t\t<div class='gallery-icon landscape'>\n\t\t\t\t<a href='https:\/\/www.mic-mat.fr\/randonnees\/img_3897\/'><img loading=\"lazy\" decoding=\"async\" width=\"150\" height=\"150\" src=\"https:\/\/i0.wp.com\/www.mic-mat.fr\/randonnees\/wp-content\/uploads\/2018\/07\/img_3897.jpg?resize=150%2C150&amp;ssl=1\" class=\"attachment-thumbnail size-thumbnail\" alt=\"\" aria-describedby=\"gallery-1-1557\" srcset=\"https:\/\/i0.wp.com\/www.mic-mat.fr\/randonnees\/wp-content\/uploads\/2018\/07\/img_3897.jpg?resize=150%2C150&amp;ssl=1 150w, https:\/\/i0.wp.com\/www.mic-mat.fr\/randonnees\/wp-content\/uploads\/2018\/07\/img_3897.jpg?zoom=2&amp;resize=150%2C150 300w, https:\/\/i0.wp.com\/www.mic-mat.fr\/randonnees\/wp-content\/uploads\/2018\/07\/img_3897.jpg?zoom=3&amp;resize=150%2C150 450w\" sizes=\"auto, (max-width: 150px) 85vw, 150px\" data-attachment-id=\"1557\" data-permalink=\"https:\/\/www.mic-mat.fr\/randonnees\/img_3897\/\" data-orig-file=\"https:\/\/i0.wp.com\/www.mic-mat.fr\/randonnees\/wp-content\/uploads\/2018\/07\/img_3897.jpg?fit=4032%2C3024&amp;ssl=1\" data-orig-size=\"4032,3024\" data-comments-opened=\"1\" data-image-meta=\"{&quot;aperture&quot;:&quot;0&quot;,&quot;credit&quot;:&quot;&quot;,&quot;camera&quot;:&quot;&quot;,&quot;caption&quot;:&quot;&quot;,&quot;created_timestamp&quot;:&quot;0&quot;,&quot;copyright&quot;:&quot;&quot;,&quot;focal_length&quot;:&quot;0&quot;,&quot;iso&quot;:&quot;0&quot;,&quot;shutter_speed&quot;:&quot;0&quot;,&quot;title&quot;:&quot;&quot;,&quot;orientation&quot;:&quot;1&quot;}\" data-image-title=\"img_3897\" data-image-description=\"\" data-image-caption=\"&lt;p&gt;Espinchal (60 habitants environ, contre 500 jadis, selon la responsable du caf\u00e9 de la poste)&lt;\/p&gt;\n\" data-large-file=\"https:\/\/i0.wp.com\/www.mic-mat.fr\/randonnees\/wp-content\/uploads\/2018\/07\/img_3897.jpg?fit=840%2C630&amp;ssl=1\" \/><\/a>\n\t\t\t<\/div>\n\t\t\t\t<figcaption class='wp-caption-text gallery-caption' id='gallery-1-1557'>\n\t\t\t\tEspinchal (60 habitants environ, contre 500 jadis, selon la responsable du caf\u00e9 de la poste)\n\t\t\t\t<\/figcaption><\/figure><figure class='gallery-item'>\n\t\t\t<div class='gallery-icon portrait'>\n\t\t\t\t<a href='https:\/\/www.mic-mat.fr\/randonnees\/img_3901\/'><img loading=\"lazy\" decoding=\"async\" width=\"150\" height=\"150\" src=\"https:\/\/i0.wp.com\/www.mic-mat.fr\/randonnees\/wp-content\/uploads\/2018\/07\/img_3901.jpg?resize=150%2C150&amp;ssl=1\" class=\"attachment-thumbnail size-thumbnail\" alt=\"\" aria-describedby=\"gallery-1-1558\" srcset=\"https:\/\/i0.wp.com\/www.mic-mat.fr\/randonnees\/wp-content\/uploads\/2018\/07\/img_3901.jpg?resize=150%2C150&amp;ssl=1 150w, https:\/\/i0.wp.com\/www.mic-mat.fr\/randonnees\/wp-content\/uploads\/2018\/07\/img_3901.jpg?zoom=2&amp;resize=150%2C150 300w, https:\/\/i0.wp.com\/www.mic-mat.fr\/randonnees\/wp-content\/uploads\/2018\/07\/img_3901.jpg?zoom=3&amp;resize=150%2C150 450w\" sizes=\"auto, (max-width: 150px) 85vw, 150px\" data-attachment-id=\"1558\" data-permalink=\"https:\/\/www.mic-mat.fr\/randonnees\/img_3901\/\" data-orig-file=\"https:\/\/i0.wp.com\/www.mic-mat.fr\/randonnees\/wp-content\/uploads\/2018\/07\/img_3901.jpg?fit=3024%2C4032&amp;ssl=1\" data-orig-size=\"3024,4032\" data-comments-opened=\"1\" data-image-meta=\"{&quot;aperture&quot;:&quot;0&quot;,&quot;credit&quot;:&quot;&quot;,&quot;camera&quot;:&quot;&quot;,&quot;caption&quot;:&quot;&quot;,&quot;created_timestamp&quot;:&quot;0&quot;,&quot;copyright&quot;:&quot;&quot;,&quot;focal_length&quot;:&quot;0&quot;,&quot;iso&quot;:&quot;0&quot;,&quot;shutter_speed&quot;:&quot;0&quot;,&quot;title&quot;:&quot;&quot;,&quot;orientation&quot;:&quot;1&quot;}\" data-image-title=\"img_3901\" data-image-description=\"\" data-image-caption=\"&lt;p&gt;Plan d\u2019eau entre Redondel et Egliseneuve-d\u2019Entraigues&lt;\/p&gt;\n\" data-large-file=\"https:\/\/i0.wp.com\/www.mic-mat.fr\/randonnees\/wp-content\/uploads\/2018\/07\/img_3901.jpg?fit=768%2C1024&amp;ssl=1\" \/><\/a>\n\t\t\t<\/div>\n\t\t\t\t<figcaption class='wp-caption-text gallery-caption' id='gallery-1-1558'>\n\t\t\t\tPlan d\u2019eau entre Redondel et Egliseneuve-d\u2019Entraigues\n\t\t\t\t<\/figcaption><\/figure><figure class='gallery-item'>\n\t\t\t<div class='gallery-icon landscape'>\n\t\t\t\t<a href='https:\/\/www.mic-mat.fr\/randonnees\/img_3916\/'><img loading=\"lazy\" decoding=\"async\" width=\"150\" height=\"150\" src=\"https:\/\/i0.wp.com\/www.mic-mat.fr\/randonnees\/wp-content\/uploads\/2018\/07\/img_3916.jpg?resize=150%2C150&amp;ssl=1\" class=\"attachment-thumbnail size-thumbnail\" alt=\"\" aria-describedby=\"gallery-1-1560\" srcset=\"https:\/\/i0.wp.com\/www.mic-mat.fr\/randonnees\/wp-content\/uploads\/2018\/07\/img_3916.jpg?resize=150%2C150&amp;ssl=1 150w, https:\/\/i0.wp.com\/www.mic-mat.fr\/randonnees\/wp-content\/uploads\/2018\/07\/img_3916.jpg?zoom=2&amp;resize=150%2C150 300w, https:\/\/i0.wp.com\/www.mic-mat.fr\/randonnees\/wp-content\/uploads\/2018\/07\/img_3916.jpg?zoom=3&amp;resize=150%2C150 450w\" sizes=\"auto, (max-width: 150px) 85vw, 150px\" data-attachment-id=\"1560\" data-permalink=\"https:\/\/www.mic-mat.fr\/randonnees\/img_3916\/\" data-orig-file=\"https:\/\/i0.wp.com\/www.mic-mat.fr\/randonnees\/wp-content\/uploads\/2018\/07\/img_3916.jpg?fit=12162%2C3772&amp;ssl=1\" data-orig-size=\"12162,3772\" data-comments-opened=\"1\" data-image-meta=\"{&quot;aperture&quot;:&quot;0&quot;,&quot;credit&quot;:&quot;&quot;,&quot;camera&quot;:&quot;&quot;,&quot;caption&quot;:&quot;&quot;,&quot;created_timestamp&quot;:&quot;0&quot;,&quot;copyright&quot;:&quot;&quot;,&quot;focal_length&quot;:&quot;0&quot;,&quot;iso&quot;:&quot;0&quot;,&quot;shutter_speed&quot;:&quot;0&quot;,&quot;title&quot;:&quot;&quot;,&quot;orientation&quot;:&quot;1&quot;}\" data-image-title=\"img_3916\" data-image-description=\"\" data-image-caption=\"&lt;p&gt;Avant le bois menant \u00e0 Egliseneuve-d\u2019Entraigues &lt;\/p&gt;\n\" data-large-file=\"https:\/\/i0.wp.com\/www.mic-mat.fr\/randonnees\/wp-content\/uploads\/2018\/07\/img_3916.jpg?fit=840%2C261&amp;ssl=1\" \/><\/a>\n\t\t\t<\/div>\n\t\t\t\t<figcaption class='wp-caption-text gallery-caption' id='gallery-1-1560'>\n\t\t\t\tAvant le bois menant \u00e0 Egliseneuve-d\u2019Entraigues \n\t\t\t\t<\/figcaption><\/figure><figure class='gallery-item'>\n\t\t\t<div class='gallery-icon landscape'>\n\t\t\t\t<a href='https:\/\/www.mic-mat.fr\/randonnees\/img_3903\/'><img loading=\"lazy\" decoding=\"async\" width=\"150\" height=\"150\" src=\"https:\/\/i0.wp.com\/www.mic-mat.fr\/randonnees\/wp-content\/uploads\/2018\/07\/img_3903.jpg?resize=150%2C150&amp;ssl=1\" class=\"attachment-thumbnail size-thumbnail\" alt=\"\" aria-describedby=\"gallery-1-1559\" srcset=\"https:\/\/i0.wp.com\/www.mic-mat.fr\/randonnees\/wp-content\/uploads\/2018\/07\/img_3903.jpg?resize=150%2C150&amp;ssl=1 150w, https:\/\/i0.wp.com\/www.mic-mat.fr\/randonnees\/wp-content\/uploads\/2018\/07\/img_3903.jpg?zoom=2&amp;resize=150%2C150 300w, https:\/\/i0.wp.com\/www.mic-mat.fr\/randonnees\/wp-content\/uploads\/2018\/07\/img_3903.jpg?zoom=3&amp;resize=150%2C150 450w\" sizes=\"auto, (max-width: 150px) 85vw, 150px\" data-attachment-id=\"1559\" data-permalink=\"https:\/\/www.mic-mat.fr\/randonnees\/img_3903\/\" data-orig-file=\"https:\/\/i0.wp.com\/www.mic-mat.fr\/randonnees\/wp-content\/uploads\/2018\/07\/img_3903.jpg?fit=4032%2C3024&amp;ssl=1\" data-orig-size=\"4032,3024\" data-comments-opened=\"1\" data-image-meta=\"{&quot;aperture&quot;:&quot;0&quot;,&quot;credit&quot;:&quot;&quot;,&quot;camera&quot;:&quot;&quot;,&quot;caption&quot;:&quot;&quot;,&quot;created_timestamp&quot;:&quot;0&quot;,&quot;copyright&quot;:&quot;&quot;,&quot;focal_length&quot;:&quot;0&quot;,&quot;iso&quot;:&quot;0&quot;,&quot;shutter_speed&quot;:&quot;0&quot;,&quot;title&quot;:&quot;&quot;,&quot;orientation&quot;:&quot;1&quot;}\" data-image-title=\"img_3903\" data-image-description=\"\" data-image-caption=\"&lt;p&gt;Vers 18h30 (\u00e9videmment), un passage boueux difficile \u00e0 traverser (plus loin on longera \u00e9galement un cours d\u2019eau sur le chemin, ce qui est peu pratique&amp;#8230;)&lt;\/p&gt;\n\" data-large-file=\"https:\/\/i0.wp.com\/www.mic-mat.fr\/randonnees\/wp-content\/uploads\/2018\/07\/img_3903.jpg?fit=840%2C630&amp;ssl=1\" \/><\/a>\n\t\t\t<\/div>\n\t\t\t\t<figcaption class='wp-caption-text gallery-caption' id='gallery-1-1559'>\n\t\t\t\tVers 18h30 (\u00e9videmment), un passage boueux difficile \u00e0 traverser (plus loin on longera \u00e9galement un cours d\u2019eau sur le chemin, ce qui est peu pratique&#8230;)\n\t\t\t\t<\/figcaption><\/figure><figure class='gallery-item'>\n\t\t\t<div class='gallery-icon portrait'>\n\t\t\t\t<a href='https:\/\/www.mic-mat.fr\/randonnees\/img_3922\/'><img loading=\"lazy\" decoding=\"async\" width=\"150\" height=\"150\" src=\"https:\/\/i0.wp.com\/www.mic-mat.fr\/randonnees\/wp-content\/uploads\/2018\/07\/img_3922.jpg?resize=150%2C150&amp;ssl=1\" class=\"attachment-thumbnail size-thumbnail\" alt=\"\" aria-describedby=\"gallery-1-1567\" srcset=\"https:\/\/i0.wp.com\/www.mic-mat.fr\/randonnees\/wp-content\/uploads\/2018\/07\/img_3922.jpg?resize=150%2C150&amp;ssl=1 150w, https:\/\/i0.wp.com\/www.mic-mat.fr\/randonnees\/wp-content\/uploads\/2018\/07\/img_3922.jpg?zoom=2&amp;resize=150%2C150 300w, https:\/\/i0.wp.com\/www.mic-mat.fr\/randonnees\/wp-content\/uploads\/2018\/07\/img_3922.jpg?zoom=3&amp;resize=150%2C150 450w\" sizes=\"auto, (max-width: 150px) 85vw, 150px\" data-attachment-id=\"1567\" data-permalink=\"https:\/\/www.mic-mat.fr\/randonnees\/img_3922\/\" data-orig-file=\"https:\/\/i0.wp.com\/www.mic-mat.fr\/randonnees\/wp-content\/uploads\/2018\/07\/img_3922.jpg?fit=3024%2C4032&amp;ssl=1\" data-orig-size=\"3024,4032\" data-comments-opened=\"1\" data-image-meta=\"{&quot;aperture&quot;:&quot;0&quot;,&quot;credit&quot;:&quot;&quot;,&quot;camera&quot;:&quot;&quot;,&quot;caption&quot;:&quot;&quot;,&quot;created_timestamp&quot;:&quot;0&quot;,&quot;copyright&quot;:&quot;&quot;,&quot;focal_length&quot;:&quot;0&quot;,&quot;iso&quot;:&quot;0&quot;,&quot;shutter_speed&quot;:&quot;0&quot;,&quot;title&quot;:&quot;&quot;,&quot;orientation&quot;:&quot;1&quot;}\" data-image-title=\"img_3922\" data-image-description=\"\" data-image-caption=\"&lt;p&gt;Toujours \u00e0 proximit\u00e9 d\u2019Egliseneuve-d\u2019Entraigues&lt;\/p&gt;\n\" data-large-file=\"https:\/\/i0.wp.com\/www.mic-mat.fr\/randonnees\/wp-content\/uploads\/2018\/07\/img_3922.jpg?fit=768%2C1024&amp;ssl=1\" \/><\/a>\n\t\t\t<\/div>\n\t\t\t\t<figcaption class='wp-caption-text gallery-caption' id='gallery-1-1567'>\n\t\t\t\tToujours \u00e0 proximit\u00e9 d\u2019Egliseneuve-d\u2019Entraigues\n\t\t\t\t<\/figcaption><\/figure><figure class='gallery-item'>\n\t\t\t<div class='gallery-icon portrait'>\n\t\t\t\t<a href='https:\/\/www.mic-mat.fr\/randonnees\/img_3938\/'><img loading=\"lazy\" decoding=\"async\" width=\"150\" height=\"150\" src=\"https:\/\/i0.wp.com\/www.mic-mat.fr\/randonnees\/wp-content\/uploads\/2018\/07\/img_3938.jpg?resize=150%2C150&amp;ssl=1\" class=\"attachment-thumbnail size-thumbnail\" alt=\"\" aria-describedby=\"gallery-1-1570\" srcset=\"https:\/\/i0.wp.com\/www.mic-mat.fr\/randonnees\/wp-content\/uploads\/2018\/07\/img_3938.jpg?resize=150%2C150&amp;ssl=1 150w, https:\/\/i0.wp.com\/www.mic-mat.fr\/randonnees\/wp-content\/uploads\/2018\/07\/img_3938.jpg?zoom=2&amp;resize=150%2C150 300w, https:\/\/i0.wp.com\/www.mic-mat.fr\/randonnees\/wp-content\/uploads\/2018\/07\/img_3938.jpg?zoom=3&amp;resize=150%2C150 450w\" sizes=\"auto, (max-width: 150px) 85vw, 150px\" data-attachment-id=\"1570\" data-permalink=\"https:\/\/www.mic-mat.fr\/randonnees\/img_3938\/\" data-orig-file=\"https:\/\/i0.wp.com\/www.mic-mat.fr\/randonnees\/wp-content\/uploads\/2018\/07\/img_3938.jpg?fit=3024%2C4032&amp;ssl=1\" data-orig-size=\"3024,4032\" data-comments-opened=\"1\" data-image-meta=\"{&quot;aperture&quot;:&quot;0&quot;,&quot;credit&quot;:&quot;&quot;,&quot;camera&quot;:&quot;&quot;,&quot;caption&quot;:&quot;&quot;,&quot;created_timestamp&quot;:&quot;0&quot;,&quot;copyright&quot;:&quot;&quot;,&quot;focal_length&quot;:&quot;0&quot;,&quot;iso&quot;:&quot;0&quot;,&quot;shutter_speed&quot;:&quot;0&quot;,&quot;title&quot;:&quot;&quot;,&quot;orientation&quot;:&quot;1&quot;}\" data-image-title=\"img_3938\" data-image-description=\"\" data-image-caption=\"&lt;p&gt;\u00c0 proximit\u00e9 d\u2019Egliseneuve-d\u2019Entraigues&lt;\/p&gt;\n\" data-large-file=\"https:\/\/i0.wp.com\/www.mic-mat.fr\/randonnees\/wp-content\/uploads\/2018\/07\/img_3938.jpg?fit=768%2C1024&amp;ssl=1\" \/><\/a>\n\t\t\t<\/div>\n\t\t\t\t<figcaption class='wp-caption-text gallery-caption' id='gallery-1-1570'>\n\t\t\t\t\u00c0 proximit\u00e9 d\u2019Egliseneuve-d\u2019Entraigues\n\t\t\t\t<\/figcaption><\/figure><figure class='gallery-item'>\n\t\t\t<div class='gallery-icon landscape'>\n\t\t\t\t<a href='https:\/\/www.mic-mat.fr\/randonnees\/img_3925\/'><img loading=\"lazy\" decoding=\"async\" width=\"150\" height=\"150\" src=\"https:\/\/i0.wp.com\/www.mic-mat.fr\/randonnees\/wp-content\/uploads\/2018\/07\/img_3925.jpg?resize=150%2C150&amp;ssl=1\" class=\"attachment-thumbnail size-thumbnail\" alt=\"\" aria-describedby=\"gallery-1-1566\" srcset=\"https:\/\/i0.wp.com\/www.mic-mat.fr\/randonnees\/wp-content\/uploads\/2018\/07\/img_3925.jpg?resize=150%2C150&amp;ssl=1 150w, https:\/\/i0.wp.com\/www.mic-mat.fr\/randonnees\/wp-content\/uploads\/2018\/07\/img_3925.jpg?zoom=2&amp;resize=150%2C150 300w, https:\/\/i0.wp.com\/www.mic-mat.fr\/randonnees\/wp-content\/uploads\/2018\/07\/img_3925.jpg?zoom=3&amp;resize=150%2C150 450w\" sizes=\"auto, (max-width: 150px) 85vw, 150px\" data-attachment-id=\"1566\" data-permalink=\"https:\/\/www.mic-mat.fr\/randonnees\/img_3925\/\" data-orig-file=\"https:\/\/i0.wp.com\/www.mic-mat.fr\/randonnees\/wp-content\/uploads\/2018\/07\/img_3925.jpg?fit=4032%2C3024&amp;ssl=1\" data-orig-size=\"4032,3024\" data-comments-opened=\"1\" data-image-meta=\"{&quot;aperture&quot;:&quot;0&quot;,&quot;credit&quot;:&quot;&quot;,&quot;camera&quot;:&quot;&quot;,&quot;caption&quot;:&quot;&quot;,&quot;created_timestamp&quot;:&quot;0&quot;,&quot;copyright&quot;:&quot;&quot;,&quot;focal_length&quot;:&quot;0&quot;,&quot;iso&quot;:&quot;0&quot;,&quot;shutter_speed&quot;:&quot;0&quot;,&quot;title&quot;:&quot;&quot;,&quot;orientation&quot;:&quot;1&quot;}\" data-image-title=\"img_3925\" data-image-description=\"\" data-image-caption=\"&lt;p&gt;Au-dessus de la cascade Bois de Chaux, avec une \u0153uvre d\u2019art Art-Nature (photo suivante)&lt;\/p&gt;\n\" data-large-file=\"https:\/\/i0.wp.com\/www.mic-mat.fr\/randonnees\/wp-content\/uploads\/2018\/07\/img_3925.jpg?fit=840%2C630&amp;ssl=1\" \/><\/a>\n\t\t\t<\/div>\n\t\t\t\t<figcaption class='wp-caption-text gallery-caption' id='gallery-1-1566'>\n\t\t\t\tAu-dessus de la cascade Bois de Chaux, avec une \u0153uvre d\u2019art Art-Nature (photo suivante)\n\t\t\t\t<\/figcaption><\/figure><figure class='gallery-item'>\n\t\t\t<div class='gallery-icon landscape'>\n\t\t\t\t<a href='https:\/\/www.mic-mat.fr\/randonnees\/img_3927\/'><img loading=\"lazy\" decoding=\"async\" width=\"150\" height=\"150\" src=\"https:\/\/i0.wp.com\/www.mic-mat.fr\/randonnees\/wp-content\/uploads\/2018\/07\/img_3927.jpg?resize=150%2C150&amp;ssl=1\" class=\"attachment-thumbnail size-thumbnail\" alt=\"\" aria-describedby=\"gallery-1-1571\" srcset=\"https:\/\/i0.wp.com\/www.mic-mat.fr\/randonnees\/wp-content\/uploads\/2018\/07\/img_3927.jpg?resize=150%2C150&amp;ssl=1 150w, https:\/\/i0.wp.com\/www.mic-mat.fr\/randonnees\/wp-content\/uploads\/2018\/07\/img_3927.jpg?zoom=2&amp;resize=150%2C150 300w, https:\/\/i0.wp.com\/www.mic-mat.fr\/randonnees\/wp-content\/uploads\/2018\/07\/img_3927.jpg?zoom=3&amp;resize=150%2C150 450w\" sizes=\"auto, (max-width: 150px) 85vw, 150px\" data-attachment-id=\"1571\" data-permalink=\"https:\/\/www.mic-mat.fr\/randonnees\/img_3927\/\" data-orig-file=\"https:\/\/i0.wp.com\/www.mic-mat.fr\/randonnees\/wp-content\/uploads\/2018\/07\/img_3927.jpg?fit=4032%2C3024&amp;ssl=1\" data-orig-size=\"4032,3024\" data-comments-opened=\"1\" data-image-meta=\"{&quot;aperture&quot;:&quot;0&quot;,&quot;credit&quot;:&quot;&quot;,&quot;camera&quot;:&quot;&quot;,&quot;caption&quot;:&quot;&quot;,&quot;created_timestamp&quot;:&quot;0&quot;,&quot;copyright&quot;:&quot;&quot;,&quot;focal_length&quot;:&quot;0&quot;,&quot;iso&quot;:&quot;0&quot;,&quot;shutter_speed&quot;:&quot;0&quot;,&quot;title&quot;:&quot;&quot;,&quot;orientation&quot;:&quot;1&quot;}\" data-image-title=\"img_3927\" data-image-description=\"\" data-image-caption=\"&lt;p&gt;\u0152uvre temporaire en branches de noisetier : Take a moment de Akunzo-Karola Pezzrro &amp;#038; Aris De Bakker&lt;\/p&gt;\n\" data-large-file=\"https:\/\/i0.wp.com\/www.mic-mat.fr\/randonnees\/wp-content\/uploads\/2018\/07\/img_3927.jpg?fit=840%2C630&amp;ssl=1\" \/><\/a>\n\t\t\t<\/div>\n\t\t\t\t<figcaption class='wp-caption-text gallery-caption' id='gallery-1-1571'>\n\t\t\t\t\u0152uvre temporaire en branches de noisetier : Take a moment de Akunzo-Karola Pezzrro &#038; Aris De Bakker\n\t\t\t\t<\/figcaption><\/figure><figure class='gallery-item'>\n\t\t\t<div class='gallery-icon portrait'>\n\t\t\t\t<a href='https:\/\/www.mic-mat.fr\/randonnees\/img_3928\/'><img loading=\"lazy\" decoding=\"async\" width=\"150\" height=\"150\" src=\"https:\/\/i0.wp.com\/www.mic-mat.fr\/randonnees\/wp-content\/uploads\/2018\/07\/img_3928.jpg?resize=150%2C150&amp;ssl=1\" class=\"attachment-thumbnail size-thumbnail\" alt=\"\" aria-describedby=\"gallery-1-1569\" srcset=\"https:\/\/i0.wp.com\/www.mic-mat.fr\/randonnees\/wp-content\/uploads\/2018\/07\/img_3928.jpg?resize=150%2C150&amp;ssl=1 150w, https:\/\/i0.wp.com\/www.mic-mat.fr\/randonnees\/wp-content\/uploads\/2018\/07\/img_3928.jpg?zoom=2&amp;resize=150%2C150 300w, https:\/\/i0.wp.com\/www.mic-mat.fr\/randonnees\/wp-content\/uploads\/2018\/07\/img_3928.jpg?zoom=3&amp;resize=150%2C150 450w\" sizes=\"auto, (max-width: 150px) 85vw, 150px\" data-attachment-id=\"1569\" data-permalink=\"https:\/\/www.mic-mat.fr\/randonnees\/img_3928\/\" data-orig-file=\"https:\/\/i0.wp.com\/www.mic-mat.fr\/randonnees\/wp-content\/uploads\/2018\/07\/img_3928.jpg?fit=3024%2C4032&amp;ssl=1\" data-orig-size=\"3024,4032\" data-comments-opened=\"1\" data-image-meta=\"{&quot;aperture&quot;:&quot;0&quot;,&quot;credit&quot;:&quot;&quot;,&quot;camera&quot;:&quot;&quot;,&quot;caption&quot;:&quot;&quot;,&quot;created_timestamp&quot;:&quot;0&quot;,&quot;copyright&quot;:&quot;&quot;,&quot;focal_length&quot;:&quot;0&quot;,&quot;iso&quot;:&quot;0&quot;,&quot;shutter_speed&quot;:&quot;0&quot;,&quot;title&quot;:&quot;&quot;,&quot;orientation&quot;:&quot;1&quot;}\" data-image-title=\"img_3928\" data-image-description=\"\" data-image-caption=\"&lt;p&gt;Cascade Bois de Chaux&lt;\/p&gt;\n\" data-large-file=\"https:\/\/i0.wp.com\/www.mic-mat.fr\/randonnees\/wp-content\/uploads\/2018\/07\/img_3928.jpg?fit=768%2C1024&amp;ssl=1\" \/><\/a>\n\t\t\t<\/div>\n\t\t\t\t<figcaption class='wp-caption-text gallery-caption' id='gallery-1-1569'>\n\t\t\t\tCascade Bois de Chaux\n\t\t\t\t<\/figcaption><\/figure><figure class='gallery-item'>\n\t\t\t<div class='gallery-icon portrait'>\n\t\t\t\t<a href='https:\/\/www.mic-mat.fr\/randonnees\/img_3937\/'><img loading=\"lazy\" decoding=\"async\" width=\"150\" height=\"150\" src=\"https:\/\/i0.wp.com\/www.mic-mat.fr\/randonnees\/wp-content\/uploads\/2018\/07\/img_3937.jpg?resize=150%2C150&amp;ssl=1\" class=\"attachment-thumbnail size-thumbnail\" alt=\"\" aria-describedby=\"gallery-1-1572\" srcset=\"https:\/\/i0.wp.com\/www.mic-mat.fr\/randonnees\/wp-content\/uploads\/2018\/07\/img_3937.jpg?resize=150%2C150&amp;ssl=1 150w, https:\/\/i0.wp.com\/www.mic-mat.fr\/randonnees\/wp-content\/uploads\/2018\/07\/img_3937.jpg?zoom=2&amp;resize=150%2C150 300w, https:\/\/i0.wp.com\/www.mic-mat.fr\/randonnees\/wp-content\/uploads\/2018\/07\/img_3937.jpg?zoom=3&amp;resize=150%2C150 450w\" sizes=\"auto, (max-width: 150px) 85vw, 150px\" data-attachment-id=\"1572\" data-permalink=\"https:\/\/www.mic-mat.fr\/randonnees\/img_3937\/\" data-orig-file=\"https:\/\/i0.wp.com\/www.mic-mat.fr\/randonnees\/wp-content\/uploads\/2018\/07\/img_3937.jpg?fit=3024%2C4032&amp;ssl=1\" data-orig-size=\"3024,4032\" data-comments-opened=\"1\" data-image-meta=\"{&quot;aperture&quot;:&quot;0&quot;,&quot;credit&quot;:&quot;&quot;,&quot;camera&quot;:&quot;&quot;,&quot;caption&quot;:&quot;&quot;,&quot;created_timestamp&quot;:&quot;0&quot;,&quot;copyright&quot;:&quot;&quot;,&quot;focal_length&quot;:&quot;0&quot;,&quot;iso&quot;:&quot;0&quot;,&quot;shutter_speed&quot;:&quot;0&quot;,&quot;title&quot;:&quot;&quot;,&quot;orientation&quot;:&quot;1&quot;}\" data-image-title=\"img_3937\" data-image-description=\"\" data-image-caption=\"&lt;p&gt;Cascade d\u2019Entraigues&lt;\/p&gt;\n\" data-large-file=\"https:\/\/i0.wp.com\/www.mic-mat.fr\/randonnees\/wp-content\/uploads\/2018\/07\/img_3937.jpg?fit=768%2C1024&amp;ssl=1\" \/><\/a>\n\t\t\t<\/div>\n\t\t\t\t<figcaption class='wp-caption-text gallery-caption' id='gallery-1-1572'>\n\t\t\t\tCascade d\u2019Entraigues\n\t\t\t\t<\/figcaption><\/figure><figure class='gallery-item'>\n\t\t\t<div class='gallery-icon landscape'>\n\t\t\t\t<a href='https:\/\/www.mic-mat.fr\/randonnees\/img_3943\/'><img loading=\"lazy\" decoding=\"async\" width=\"150\" height=\"150\" src=\"https:\/\/i0.wp.com\/www.mic-mat.fr\/randonnees\/wp-content\/uploads\/2018\/07\/img_3943.jpg?resize=150%2C150&amp;ssl=1\" class=\"attachment-thumbnail size-thumbnail\" alt=\"\" aria-describedby=\"gallery-1-1564\" srcset=\"https:\/\/i0.wp.com\/www.mic-mat.fr\/randonnees\/wp-content\/uploads\/2018\/07\/img_3943.jpg?resize=150%2C150&amp;ssl=1 150w, https:\/\/i0.wp.com\/www.mic-mat.fr\/randonnees\/wp-content\/uploads\/2018\/07\/img_3943.jpg?zoom=2&amp;resize=150%2C150 300w, https:\/\/i0.wp.com\/www.mic-mat.fr\/randonnees\/wp-content\/uploads\/2018\/07\/img_3943.jpg?zoom=3&amp;resize=150%2C150 450w\" sizes=\"auto, (max-width: 150px) 85vw, 150px\" data-attachment-id=\"1564\" data-permalink=\"https:\/\/www.mic-mat.fr\/randonnees\/img_3943\/\" data-orig-file=\"https:\/\/i0.wp.com\/www.mic-mat.fr\/randonnees\/wp-content\/uploads\/2018\/07\/img_3943.jpg?fit=4032%2C3024&amp;ssl=1\" data-orig-size=\"4032,3024\" data-comments-opened=\"1\" data-image-meta=\"{&quot;aperture&quot;:&quot;0&quot;,&quot;credit&quot;:&quot;&quot;,&quot;camera&quot;:&quot;&quot;,&quot;caption&quot;:&quot;&quot;,&quot;created_timestamp&quot;:&quot;0&quot;,&quot;copyright&quot;:&quot;&quot;,&quot;focal_length&quot;:&quot;0&quot;,&quot;iso&quot;:&quot;0&quot;,&quot;shutter_speed&quot;:&quot;0&quot;,&quot;title&quot;:&quot;&quot;,&quot;orientation&quot;:&quot;1&quot;}\" data-image-title=\"img_3943\" data-image-description=\"\" data-image-caption=\"&lt;p&gt;L\u2019\u00e9glise neuve \u00ab\u00a0entre les eaux\u00a0\u00bb et les 2 cascades donc (comme Entraygues-sur-Truy\u00e8re dans l\u2019Aveyron o\u00f9 nous sommes all\u00e9s il y a 3 ans !)&lt;\/p&gt;\n\" data-large-file=\"https:\/\/i0.wp.com\/www.mic-mat.fr\/randonnees\/wp-content\/uploads\/2018\/07\/img_3943.jpg?fit=840%2C630&amp;ssl=1\" \/><\/a>\n\t\t\t<\/div>\n\t\t\t\t<figcaption class='wp-caption-text gallery-caption' id='gallery-1-1564'>\n\t\t\t\tL\u2019\u00e9glise neuve \u00ab\u00a0entre les eaux\u00a0\u00bb et les 2 cascades donc (comme Entraygues-sur-Truy\u00e8re dans l\u2019Aveyron o\u00f9 nous sommes all\u00e9s il y a 3 ans !)\n\t\t\t\t<\/figcaption><\/figure><figure class='gallery-item'>\n\t\t\t<div class='gallery-icon portrait'>\n\t\t\t\t<a href='https:\/\/www.mic-mat.fr\/randonnees\/img_3971\/'><img loading=\"lazy\" decoding=\"async\" width=\"150\" height=\"150\" src=\"https:\/\/i0.wp.com\/www.mic-mat.fr\/randonnees\/wp-content\/uploads\/2018\/07\/img_3971.jpg?resize=150%2C150&amp;ssl=1\" class=\"attachment-thumbnail size-thumbnail\" alt=\"\" aria-describedby=\"gallery-1-1561\" srcset=\"https:\/\/i0.wp.com\/www.mic-mat.fr\/randonnees\/wp-content\/uploads\/2018\/07\/img_3971.jpg?resize=150%2C150&amp;ssl=1 150w, https:\/\/i0.wp.com\/www.mic-mat.fr\/randonnees\/wp-content\/uploads\/2018\/07\/img_3971.jpg?zoom=2&amp;resize=150%2C150 300w, https:\/\/i0.wp.com\/www.mic-mat.fr\/randonnees\/wp-content\/uploads\/2018\/07\/img_3971.jpg?zoom=3&amp;resize=150%2C150 450w\" sizes=\"auto, (max-width: 150px) 85vw, 150px\" data-attachment-id=\"1561\" data-permalink=\"https:\/\/www.mic-mat.fr\/randonnees\/img_3971\/\" data-orig-file=\"https:\/\/i0.wp.com\/www.mic-mat.fr\/randonnees\/wp-content\/uploads\/2018\/07\/img_3971.jpg?fit=3024%2C4032&amp;ssl=1\" data-orig-size=\"3024,4032\" data-comments-opened=\"1\" data-image-meta=\"{&quot;aperture&quot;:&quot;0&quot;,&quot;credit&quot;:&quot;&quot;,&quot;camera&quot;:&quot;&quot;,&quot;caption&quot;:&quot;&quot;,&quot;created_timestamp&quot;:&quot;0&quot;,&quot;copyright&quot;:&quot;&quot;,&quot;focal_length&quot;:&quot;0&quot;,&quot;iso&quot;:&quot;0&quot;,&quot;shutter_speed&quot;:&quot;0&quot;,&quot;title&quot;:&quot;&quot;,&quot;orientation&quot;:&quot;1&quot;}\" data-image-title=\"img_3971\" data-image-description=\"\" data-image-caption=\"&lt;p&gt;Vous vous souvenez de la cloque de Mathilde ? On l\u2019a perc\u00e9e (avec une aiguille de fil \u00e0 suturer) juste apr\u00e8s cette photo. \u00c7a va mieux&amp;#8230;&lt;\/p&gt;\n\" data-large-file=\"https:\/\/i0.wp.com\/www.mic-mat.fr\/randonnees\/wp-content\/uploads\/2018\/07\/img_3971.jpg?fit=768%2C1024&amp;ssl=1\" \/><\/a>\n\t\t\t<\/div>\n\t\t\t\t<figcaption class='wp-caption-text gallery-caption' id='gallery-1-1561'>\n\t\t\t\tVous vous souvenez de la cloque de Mathilde ? On l\u2019a perc\u00e9e (avec une aiguille de fil \u00e0 suturer) juste apr\u00e8s cette photo. \u00c7a va mieux&#8230;\n\t\t\t\t<\/figcaption><\/figure><figure class='gallery-item'>\n\t\t\t<div class='gallery-icon landscape'>\n\t\t\t\t<a href='https:\/\/www.mic-mat.fr\/randonnees\/img_3962\/'><img loading=\"lazy\" decoding=\"async\" width=\"150\" height=\"150\" src=\"https:\/\/i0.wp.com\/www.mic-mat.fr\/randonnees\/wp-content\/uploads\/2018\/07\/img_3962.jpg?resize=150%2C150&amp;ssl=1\" class=\"attachment-thumbnail size-thumbnail\" alt=\"\" aria-describedby=\"gallery-1-1562\" srcset=\"https:\/\/i0.wp.com\/www.mic-mat.fr\/randonnees\/wp-content\/uploads\/2018\/07\/img_3962.jpg?resize=150%2C150&amp;ssl=1 150w, https:\/\/i0.wp.com\/www.mic-mat.fr\/randonnees\/wp-content\/uploads\/2018\/07\/img_3962.jpg?zoom=2&amp;resize=150%2C150 300w, https:\/\/i0.wp.com\/www.mic-mat.fr\/randonnees\/wp-content\/uploads\/2018\/07\/img_3962.jpg?zoom=3&amp;resize=150%2C150 450w\" sizes=\"auto, (max-width: 150px) 85vw, 150px\" data-attachment-id=\"1562\" data-permalink=\"https:\/\/www.mic-mat.fr\/randonnees\/img_3962\/\" data-orig-file=\"https:\/\/i0.wp.com\/www.mic-mat.fr\/randonnees\/wp-content\/uploads\/2018\/07\/img_3962.jpg?fit=4032%2C3024&amp;ssl=1\" data-orig-size=\"4032,3024\" data-comments-opened=\"1\" data-image-meta=\"{&quot;aperture&quot;:&quot;0&quot;,&quot;credit&quot;:&quot;&quot;,&quot;camera&quot;:&quot;&quot;,&quot;caption&quot;:&quot;&quot;,&quot;created_timestamp&quot;:&quot;0&quot;,&quot;copyright&quot;:&quot;&quot;,&quot;focal_length&quot;:&quot;0&quot;,&quot;iso&quot;:&quot;0&quot;,&quot;shutter_speed&quot;:&quot;0&quot;,&quot;title&quot;:&quot;&quot;,&quot;orientation&quot;:&quot;1&quot;}\" data-image-title=\"img_3962\" data-image-description=\"\" data-image-caption=\"&lt;p&gt;La r\u00e9compense : un lit \u00e0 baldaquin \u00e0 l\u2019h\u00f4tel de la Providence&lt;\/p&gt;\n\" data-large-file=\"https:\/\/i0.wp.com\/www.mic-mat.fr\/randonnees\/wp-content\/uploads\/2018\/07\/img_3962.jpg?fit=840%2C630&amp;ssl=1\" \/><\/a>\n\t\t\t<\/div>\n\t\t\t\t<figcaption class='wp-caption-text gallery-caption' id='gallery-1-1562'>\n\t\t\t\tLa r\u00e9compense : un lit \u00e0 baldaquin \u00e0 l\u2019h\u00f4tel de la Providence\n\t\t\t\t<\/figcaption><\/figure>\n\t\t<\/div>\n\n","protected":false},"excerpt":{"rendered":"<p>Pour la premi\u00e8re fois, l&rsquo;h\u00f4tel ne propose pas le d\u00e9but du petit-d\u00e9jeuner \u00e0 8h mais \u00e0 7h30 ; \u00e7a tombe bien, c&rsquo;est une grande \u00e9tape qui nous attend aujourd&rsquo;hui ! Nous commen\u00e7ons notre \u00e9tape vers 8h30. Rapidement nous sommes confront\u00e9s \u00e0 la probl\u00e9matique des \u00ab\u00a0panneaux qui mentent\u00a0\u00bb avec le lac Pavin annonc\u00e9 \u00e0 4 km, &hellip; <a href=\"https:\/\/www.mic-mat.fr\/randonnees\/le-gr30-j5-de-besse-et-sainte-anastaide-a-egliseneuve-dentraigues\/\" class=\"more-link\">Continuer la lecture<span class=\"screen-reader-text\"> de &laquo;&nbsp;Le GR30 &#8211; J5 &#8211; De Besse-et-Sainte-Anastaide \u00e0 Egliseneuve-d\u2019Entraigues&nbsp;&raquo;<\/span><\/a><\/p>\n","protected":false},"author":1,"featured_media":1572,"comment_status":"open","ping_status":"open","sticky":false,"template":"","format":"standard","meta":{"jetpack_post_was_ever_published":false,"_jetpack_newsletter_access":"","_jetpack_dont_email_post_to_subs":false,"_jetpack_newsletter_tier_id":0,"_jetpack_memberships_contains_paywalled_content":false,"_jetpack_memberships_contains_paid_content":false,"footnotes":"","jetpack_publicize_message":"","jetpack_publicize_feature_enabled":true,"jetpack_social_post_already_shared":true,"jetpack_social_options":{"image_generator_settings":{"template":"highway","default_image_id":0,"font":"","enabled":false},"version":2}},"categories":[2],"tags":[68,77,78,79,67],"class_list":["post-1526","post","type-post","status-publish","format-standard","has-post-thumbnail","hentry","category-gr30","tag-auvergne","tag-besse","tag-besse-et-sainte-anastaide","tag-egliseneuve-dentraigues","tag-gr30"],"jetpack_publicize_connections":[],"jetpack_featured_media_url":"https:\/\/i0.wp.com\/www.mic-mat.fr\/randonnees\/wp-content\/uploads\/2018\/07\/img_3937.jpg?fit=3024%2C4032&ssl=1","jetpack_shortlink":"https:\/\/wp.me\/pa2oYE-oC","jetpack_sharing_enabled":true,"_links":{"self":[{"href":"https:\/\/www.mic-mat.fr\/randonnees\/wp-json\/wp\/v2\/posts\/1526","targetHints":{"allow":["GET"]}}],"collection":[{"href":"https:\/\/www.mic-mat.fr\/randonnees\/wp-json\/wp\/v2\/posts"}],"about":[{"href":"https:\/\/www.mic-mat.fr\/randonnees\/wp-json\/wp\/v2\/types\/post"}],"author":[{"embeddable":true,"href":"https:\/\/www.mic-mat.fr\/randonnees\/wp-json\/wp\/v2\/users\/1"}],"replies":[{"embeddable":true,"href":"https:\/\/www.mic-mat.fr\/randonnees\/wp-json\/wp\/v2\/comments?post=1526"}],"version-history":[{"count":6,"href":"https:\/\/www.mic-mat.fr\/randonnees\/wp-json\/wp\/v2\/posts\/1526\/revisions"}],"predecessor-version":[{"id":1734,"href":"https:\/\/www.mic-mat.fr\/randonnees\/wp-json\/wp\/v2\/posts\/1526\/revisions\/1734"}],"wp:featuredmedia":[{"embeddable":true,"href":"https:\/\/www.mic-mat.fr\/randonnees\/wp-json\/wp\/v2\/media\/1572"}],"wp:attachment":[{"href":"https:\/\/www.mic-mat.fr\/randonnees\/wp-json\/wp\/v2\/media?parent=1526"}],"wp:term":[{"taxonomy":"category","embeddable":true,"href":"https:\/\/www.mic-mat.fr\/randonnees\/wp-json\/wp\/v2\/categories?post=1526"},{"taxonomy":"post_tag","embeddable":true,"href":"https:\/\/www.mic-mat.fr\/randonnees\/wp-json\/wp\/v2\/tags?post=1526"}],"curies":[{"name":"wp","href":"https:\/\/api.w.org\/{rel}","templated":true}]}}