{"id":184,"date":"2017-07-25T16:35:48","date_gmt":"2017-07-25T14:35:48","guid":{"rendered":"http:\/\/www.mic-mat.fr\/mariage\/?p=184"},"modified":"2018-07-01T22:21:10","modified_gmt":"2018-07-01T20:21:10","slug":"preparatifs-du-voyage-en-corse-le-montage-de-tente","status":"publish","type":"post","link":"https:\/\/www.mic-mat.fr\/randonnees\/preparatifs-du-voyage-en-corse-le-montage-de-tente\/","title":{"rendered":"Pr\u00e9paratifs du voyage en Corse &#8211; Le montage de tente"},"content":{"rendered":"<p>Merci \u00e0 tous d&rsquo;avoir \u00e9t\u00e9 pr\u00e9sents au mariage, nous avons pass\u00e9 un moment absolument inoubliable \u00e0 vos c\u00f4t\u00e9s, surpris \u00e0 de multiples occasions tout au long de la journ\u00e9e.<\/p>\n<p>Nous reviendrons bien s\u00fbr sur le mariage dans les semaines \u00e0 venir, avec des photos&#8230; D&rsquo;ailleurs, si vous en avez fait (je crois que oui), nous vous serions tr\u00e8s reconnaissants de nous les transmettre via Dropbox, Google Drive ou un lien WeTransfer \u00e0 mon adresse mail (michael.rochoy [arobase] gmail.com). Ca me permettra \u00e9galement d&rsquo;avoir votre adresse pour vous envoyer une s\u00e9lection de photos !<\/p>\n<p>Sinon, aujourd&rsquo;hui, mardi 25 juillet (114\u00e8me mois ensemble et 3\u00e8me jour de vie maritale !), nous sommes th\u00e9oriquement en train de marcher sur les sentiers du GR20. Voici une petite vid\u00e9o \u00ab\u00a0bonus\u00a0\u00bb sur le montage de tente !<\/p>\n<p>Nous vous raconterons le reste \u00e0 notre retour (ou \u00e9ventuellement lors de la partie \u00ab\u00a0farniente\u00a0\u00bb \u00e0 Porto Vecchio) ! A tr\u00e8s bient\u00f4t !<\/p>\n<div class=\"jetpack-video-wrapper\"><span class=\"embed-youtube\" style=\"text-align:center; display: block;\"><iframe loading=\"lazy\" class=\"youtube-player\" width=\"840\" height=\"473\" src=\"https:\/\/www.youtube.com\/embed\/Ug4f0hMQ5Dw?version=3&#038;rel=1&#038;showsearch=0&#038;showinfo=1&#038;iv_load_policy=1&#038;fs=1&#038;hl=fr-FR&#038;autohide=2&#038;wmode=transparent\" allowfullscreen=\"true\" style=\"border:0;\" sandbox=\"allow-scripts allow-same-origin allow-popups allow-presentation allow-popups-to-escape-sandbox\"><\/iframe><\/span><\/div>\n","protected":false},"excerpt":{"rendered":"<p>Merci \u00e0 tous d&rsquo;avoir \u00e9t\u00e9 pr\u00e9sents au mariage, nous avons pass\u00e9 un moment absolument inoubliable \u00e0 vos c\u00f4t\u00e9s, surpris \u00e0 de multiples occasions tout au long de la journ\u00e9e. Nous reviendrons bien s\u00fbr sur le mariage dans les semaines \u00e0 venir, avec des photos&#8230; D&rsquo;ailleurs, si vous en avez fait (je crois que oui), nous &hellip; <a href=\"https:\/\/www.mic-mat.fr\/randonnees\/preparatifs-du-voyage-en-corse-le-montage-de-tente\/\" class=\"more-link\">Continuer la lecture<span class=\"screen-reader-text\"> de &laquo;&nbsp;Pr\u00e9paratifs du voyage en Corse &#8211; Le montage de tente&nbsp;&raquo;<\/span><\/a><\/p>\n","protected":false},"author":1,"featured_media":0,"comment_status":"open","ping_status":"open","sticky":false,"template":"","format":"standard","meta":{"jetpack_post_was_ever_published":false,"_jetpack_newsletter_access":"","_jetpack_dont_email_post_to_subs":false,"_jetpack_newsletter_tier_id":0,"_jetpack_memberships_contains_paywalled_content":false,"_jetpack_memberships_contains_paid_content":false,"footnotes":"","jetpack_publicize_message":"","jetpack_publicize_feature_enabled":true,"jetpack_social_post_already_shared":true,"jetpack_social_options":{"image_generator_settings":{"template":"highway","default_image_id":0,"font":"","enabled":false},"version":2}},"categories":[3],"tags":[30,38,44,56],"class_list":["post-184","post","type-post","status-publish","format-standard","hentry","category-gr20","tag-gr20","tag-montage","tag-preparatifs","tag-tente"],"jetpack_publicize_connections":[],"jetpack_featured_media_url":"","jetpack_shortlink":"https:\/\/wp.me\/pa2oYE-2Y","jetpack_sharing_enabled":true,"_links":{"self":[{"href":"https:\/\/www.mic-mat.fr\/randonnees\/wp-json\/wp\/v2\/posts\/184","targetHints":{"allow":["GET"]}}],"collection":[{"href":"https:\/\/www.mic-mat.fr\/randonnees\/wp-json\/wp\/v2\/posts"}],"about":[{"href":"https:\/\/www.mic-mat.fr\/randonnees\/wp-json\/wp\/v2\/types\/post"}],"author":[{"embeddable":true,"href":"https:\/\/www.mic-mat.fr\/randonnees\/wp-json\/wp\/v2\/users\/1"}],"replies":[{"embeddable":true,"href":"https:\/\/www.mic-mat.fr\/randonnees\/wp-json\/wp\/v2\/comments?post=184"}],"version-history":[{"count":1,"href":"https:\/\/www.mic-mat.fr\/randonnees\/wp-json\/wp\/v2\/posts\/184\/revisions"}],"predecessor-version":[{"id":1286,"href":"https:\/\/www.mic-mat.fr\/randonnees\/wp-json\/wp\/v2\/posts\/184\/revisions\/1286"}],"wp:attachment":[{"href":"https:\/\/www.mic-mat.fr\/randonnees\/wp-json\/wp\/v2\/media?parent=184"}],"wp:term":[{"taxonomy":"category","embeddable":true,"href":"https:\/\/www.mic-mat.fr\/randonnees\/wp-json\/wp\/v2\/categories?post=184"},{"taxonomy":"post_tag","embeddable":true,"href":"https:\/\/www.mic-mat.fr\/randonnees\/wp-json\/wp\/v2\/tags?post=184"}],"curies":[{"name":"wp","href":"https:\/\/api.w.org\/{rel}","templated":true}]}}